{"id":23617,"date":"2024-03-25T10:18:33","date_gmt":"2024-03-25T10:18:33","guid":{"rendered":"https:\/\/esment.org\/blogs\/?p=23617"},"modified":"2024-04-03T10:27:56","modified_gmt":"2024-04-03T10:27:56","slug":"la-caeb-premia-a-esment-como-empresa-circular","status":"publish","type":"post","link":"https:\/\/esment.org\/blogs\/la-caeb-premia-a-esment-como-empresa-circular\/","title":{"rendered":"La CAEB premia a Esment como empresa circular"},"content":{"rendered":"<p><span style=\"font-size: 12pt;\">Esment ha sido premiado por su proyecto de econom\u00eda circular en la primera edici\u00f3n de los Premios Empresa Circular, concedidos por la Confederaci\u00f3n de Asociaciones Empresariales de Baleares (CAEB).<\/span><\/p>\n<p><span style=\"font-size: 12pt;\">Para la organizaci\u00f3n es un orgullo recibir este premio ya que supone un reconocimiento a nuestra apuesta por la sostenibilidad como valor fundamental para el bienestar de las personas. Durante la ceremonia de entrega de premios, la presidenta de la CAEB, Carmen Planas, destac\u00f3 el compromiso de empresas que, como Esment, \u00abapuestan por el desarrollo de modelos circulares adaptados a cada sector para garantizar la competitividad y la sostenibilidad econ\u00f3mica, social y medioambiental de Baleares\u00bb. En concreto, se ha premiado el enfoque circular que aplica Esment en diferentes contextos organizativos como la extracci\u00f3n de agua de pozos para el riego del huerto y para transformarla para consumo humano; la eliminaci\u00f3n de calderas de gasoil y gas, la instalaci\u00f3n de placas fotovoltaicas y el uso de veh\u00edculos el\u00e9ctricos.\u00a0<\/span><\/p>\n<p><span style=\"font-size: 12pt;\">Adem\u00e1s de Esment, fueron premiadas las empresas Hormort, Set Hotels y Terracor Grup. La presidenta de CAEB felicito y agradeci\u00f3 tanto a los premiados como a los finalistas \u201cpor el excelente trabajo que est\u00e1n realizando y por apostar por el tr\u00e1nsito hacia el sistema tur\u00edstico circular que estamos promoviendo y para el que necesitamos la implicaci\u00f3n de todos los sectores porque uno s\u00f3lo no lo va a conseguir. Todos los distinguidos hoy son ejemplos tangibles de la realidad de esta nueva econom\u00eda, ejemplos de compromiso de nuestras empresas por la sostenibilidad y el cuidado de nuestro inigualable territorio\u00bb.\u00a0<\/span><\/p>\n<p>Os invitamos a conocer mejor nuestro modelo de circularidad a trav\u00e9s de<a href=\"https:\/\/www.youtube.com\/watch?v=dR_ZWUl6Ddg\"> ESTE V\u00cdDEO\u00a0<\/a><\/p>\n<p><img fetchpriority=\"high\" decoding=\"async\" class=\"alignnone size-medium wp-image-23670\" src=\"https:\/\/esment.org\/blogs\/wp-content\/uploads\/2024\/03\/Sello-Empresa-Circular_Gran-Empresa-296x300.jpg\" alt=\"\" width=\"296\" height=\"300\" srcset=\"https:\/\/esment.org\/blogs\/wp-content\/uploads\/2024\/03\/Sello-Empresa-Circular_Gran-Empresa-296x300.jpg 296w, https:\/\/esment.org\/blogs\/wp-content\/uploads\/2024\/03\/Sello-Empresa-Circular_Gran-Empresa-1012x1024.jpg 1012w, https:\/\/esment.org\/blogs\/wp-content\/uploads\/2024\/03\/Sello-Empresa-Circular_Gran-Empresa-768x777.jpg 768w, https:\/\/esment.org\/blogs\/wp-content\/uploads\/2024\/03\/Sello-Empresa-Circular_Gran-Empresa.jpg 1177w\" sizes=\"(max-width: 296px) 100vw, 296px\" \/><\/p>\n<p><img decoding=\"async\" class=\"alignnone wp-image-23632 size-full\" src=\"https:\/\/esment.org\/blogs\/wp-content\/uploads\/2024\/03\/IMG_3964-scaled.jpg\" alt=\"\" width=\"2560\" height=\"1920\" srcset=\"https:\/\/esment.org\/blogs\/wp-content\/uploads\/2024\/03\/IMG_3964-scaled.jpg 2560w, https:\/\/esment.org\/blogs\/wp-content\/uploads\/2024\/03\/IMG_3964-300x225.jpg 300w, https:\/\/esment.org\/blogs\/wp-content\/uploads\/2024\/03\/IMG_3964-1024x768.jpg 1024w, https:\/\/esment.org\/blogs\/wp-content\/uploads\/2024\/03\/IMG_3964-768x576.jpg 768w, https:\/\/esment.org\/blogs\/wp-content\/uploads\/2024\/03\/IMG_3964-1536x1152.jpg 1536w, https:\/\/esment.org\/blogs\/wp-content\/uploads\/2024\/03\/IMG_3964-2048x1536.jpg 2048w\" sizes=\"(max-width: 2560px) 100vw, 2560px\" \/><\/p>\n<div id=\"post-text-hidden\" class=\"prometeo-hideable\">\n<div id=\"intext\" class=\"henneoHB henneoHB-intext\" data-google-query-id=\"CMm3j6uNj4UDFSpO9ggd8l0D-w\">\n<div id=\"google_ads_iframe_\/34616581,29015917\/gs-ultimahora\/noticias\/noticia\/intext_0__container__\"><\/div>\n<\/div>\n<div class=\"teads-adCall\"><\/div>\n<div class=\"teads-inread\">\n<div>\n<div id=\"teads0\" class=\"teads-player\"><\/div>\n<\/div>\n<\/div>\n<p>&nbsp;<\/p>\n<\/div>\n","protected":false},"excerpt":{"rendered":"<p>Esment ha sido premiado por su proyecto de econom\u00eda circular en la primera edici\u00f3n de los Premios Empresa Circular, concedidos por la Confederaci\u00f3n de Asociaciones Empresariales de Baleares (CAEB). Para la organizaci\u00f3n es un orgullo recibir este premio ya que supone un reconocimiento a nuestra apuesta por la sostenibilidad como valor fundamental para el bienestar [&hellip;]<\/p>\n","protected":false},"author":5,"featured_media":23619,"comment_status":"open","ping_status":"closed","sticky":false,"template":"","format":"standard","meta":{"_acf_changed":false,"footnotes":""},"categories":[1747,1],"tags":[2075,1736,697,827],"class_list":["post-23617","post","type-post","status-publish","format-standard","has-post-thumbnail","hentry","category-sostenibilidad","category-sin-categoria","tag-caeb","tag-circularidad","tag-premio","tag-sostenibilidad"],"acf":[],"yoast_head":"<!-- This site is optimized with the Yoast SEO plugin v26.4 - https:\/\/yoast.com\/wordpress\/plugins\/seo\/ -->\n<title>La CAEB premia a Esment como empresa circular - Blog Comunidad Esment<\/title>\n<meta name=\"robots\" content=\"index, follow, max-snippet:-1, max-image-preview:large, max-video-preview:-1\" \/>\n<link rel=\"canonical\" href=\"https:\/\/esment.org\/blogs\/la-caeb-premia-a-esment-como-empresa-circular\/\" \/>\n<meta property=\"og:locale\" content=\"es_ES\" \/>\n<meta property=\"og:type\" content=\"article\" \/>\n<meta property=\"og:title\" content=\"La CAEB premia a Esment como empresa circular - Blog Comunidad Esment\" \/>\n<meta property=\"og:description\" content=\"Esment ha sido premiado por su proyecto de econom\u00eda circular en la primera edici\u00f3n de los Premios Empresa Circular, concedidos por la Confederaci\u00f3n de Asociaciones Empresariales de Baleares (CAEB). Para la organizaci\u00f3n es un orgullo recibir este premio ya que supone un reconocimiento a nuestra apuesta por la sostenibilidad como valor fundamental para el bienestar [&hellip;]\" \/>\n<meta property=\"og:url\" content=\"https:\/\/esment.org\/blogs\/la-caeb-premia-a-esment-como-empresa-circular\/\" \/>\n<meta property=\"og:site_name\" content=\"Blog Comunidad Esment\" \/>\n<meta property=\"article:published_time\" content=\"2024-03-25T10:18:33+00:00\" \/>\n<meta property=\"article:modified_time\" content=\"2024-04-03T10:27:56+00:00\" \/>\n<meta property=\"og:image\" content=\"https:\/\/esment.org\/blogs\/wp-content\/uploads\/2024\/03\/premioscircular_ganadores-scaled.jpg\" \/>\n\t<meta property=\"og:image:width\" content=\"2560\" \/>\n\t<meta property=\"og:image:height\" content=\"1841\" \/>\n\t<meta property=\"og:image:type\" content=\"image\/jpeg\" \/>\n<meta name=\"author\" content=\"Yolanda Tarramera\" \/>\n<meta name=\"twitter:card\" content=\"summary_large_image\" \/>\n<meta name=\"twitter:label1\" content=\"Escrito por\" \/>\n\t<meta name=\"twitter:data1\" content=\"Yolanda Tarramera\" \/>\n\t<meta name=\"twitter:label2\" content=\"Tiempo de lectura\" \/>\n\t<meta name=\"twitter:data2\" content=\"2 minutos\" \/>\n<script type=\"application\/ld+json\" class=\"yoast-schema-graph\">{\"@context\":\"https:\/\/schema.org\",\"@graph\":[{\"@type\":\"Article\",\"@id\":\"https:\/\/esment.org\/blogs\/la-caeb-premia-a-esment-como-empresa-circular\/#article\",\"isPartOf\":{\"@id\":\"https:\/\/esment.org\/blogs\/la-caeb-premia-a-esment-como-empresa-circular\/\"},\"author\":{\"name\":\"Yolanda Tarramera\",\"@id\":\"https:\/\/esment.org\/blogs\/#\/schema\/person\/d2af4a49059695d7ca3491e0498d6b36\"},\"headline\":\"La CAEB premia a Esment como empresa circular\",\"datePublished\":\"2024-03-25T10:18:33+00:00\",\"dateModified\":\"2024-04-03T10:27:56+00:00\",\"mainEntityOfPage\":{\"@id\":\"https:\/\/esment.org\/blogs\/la-caeb-premia-a-esment-como-empresa-circular\/\"},\"wordCount\":296,\"commentCount\":0,\"publisher\":{\"@id\":\"https:\/\/esment.org\/blogs\/#organization\"},\"image\":{\"@id\":\"https:\/\/esment.org\/blogs\/la-caeb-premia-a-esment-como-empresa-circular\/#primaryimage\"},\"thumbnailUrl\":\"https:\/\/esment.org\/blogs\/wp-content\/uploads\/2024\/03\/premioscircular_ganadores-scaled.jpg\",\"keywords\":[\"CAEB\",\"circularidad\",\"premio\",\"sostenibilidad\"],\"articleSection\":[\"Blogs Esment Categoria Sostenibilidad\"],\"inLanguage\":\"es\",\"potentialAction\":[{\"@type\":\"CommentAction\",\"name\":\"Comment\",\"target\":[\"https:\/\/esment.org\/blogs\/la-caeb-premia-a-esment-como-empresa-circular\/#respond\"]}]},{\"@type\":\"WebPage\",\"@id\":\"https:\/\/esment.org\/blogs\/la-caeb-premia-a-esment-como-empresa-circular\/\",\"url\":\"https:\/\/esment.org\/blogs\/la-caeb-premia-a-esment-como-empresa-circular\/\",\"name\":\"La CAEB premia a Esment como empresa circular - Blog Comunidad Esment\",\"isPartOf\":{\"@id\":\"https:\/\/esment.org\/blogs\/#website\"},\"primaryImageOfPage\":{\"@id\":\"https:\/\/esment.org\/blogs\/la-caeb-premia-a-esment-como-empresa-circular\/#primaryimage\"},\"image\":{\"@id\":\"https:\/\/esment.org\/blogs\/la-caeb-premia-a-esment-como-empresa-circular\/#primaryimage\"},\"thumbnailUrl\":\"https:\/\/esment.org\/blogs\/wp-content\/uploads\/2024\/03\/premioscircular_ganadores-scaled.jpg\",\"datePublished\":\"2024-03-25T10:18:33+00:00\",\"dateModified\":\"2024-04-03T10:27:56+00:00\",\"breadcrumb\":{\"@id\":\"https:\/\/esment.org\/blogs\/la-caeb-premia-a-esment-como-empresa-circular\/#breadcrumb\"},\"inLanguage\":\"es\",\"potentialAction\":[{\"@type\":\"ReadAction\",\"target\":[\"https:\/\/esment.org\/blogs\/la-caeb-premia-a-esment-como-empresa-circular\/\"]}]},{\"@type\":\"ImageObject\",\"inLanguage\":\"es\",\"@id\":\"https:\/\/esment.org\/blogs\/la-caeb-premia-a-esment-como-empresa-circular\/#primaryimage\",\"url\":\"https:\/\/esment.org\/blogs\/wp-content\/uploads\/2024\/03\/premioscircular_ganadores-scaled.jpg\",\"contentUrl\":\"https:\/\/esment.org\/blogs\/wp-content\/uploads\/2024\/03\/premioscircular_ganadores-scaled.jpg\",\"width\":2560,\"height\":1841},{\"@type\":\"BreadcrumbList\",\"@id\":\"https:\/\/esment.org\/blogs\/la-caeb-premia-a-esment-como-empresa-circular\/#breadcrumb\",\"itemListElement\":[{\"@type\":\"ListItem\",\"position\":1,\"name\":\"Portada\",\"item\":\"https:\/\/esment.org\/blogs\/\"},{\"@type\":\"ListItem\",\"position\":2,\"name\":\"La CAEB premia a Esment como empresa circular\"}]},{\"@type\":\"WebSite\",\"@id\":\"https:\/\/esment.org\/blogs\/#website\",\"url\":\"https:\/\/esment.org\/blogs\/\",\"name\":\"Blog Comunidad Esment\",\"description\":\"Blogs de Esment\",\"publisher\":{\"@id\":\"https:\/\/esment.org\/blogs\/#organization\"},\"potentialAction\":[{\"@type\":\"SearchAction\",\"target\":{\"@type\":\"EntryPoint\",\"urlTemplate\":\"https:\/\/esment.org\/blogs\/?s={search_term_string}\"},\"query-input\":{\"@type\":\"PropertyValueSpecification\",\"valueRequired\":true,\"valueName\":\"search_term_string\"}}],\"inLanguage\":\"es\"},{\"@type\":\"Organization\",\"@id\":\"https:\/\/esment.org\/blogs\/#organization\",\"name\":\"Blog Comunidad Esment\",\"url\":\"https:\/\/esment.org\/blogs\/\",\"logo\":{\"@type\":\"ImageObject\",\"inLanguage\":\"es\",\"@id\":\"https:\/\/esment.org\/blogs\/#\/schema\/logo\/image\/\",\"url\":\"https:\/\/esment.org\/blogs\/wp-content\/uploads\/2020\/10\/logo-header.svg\",\"contentUrl\":\"https:\/\/esment.org\/blogs\/wp-content\/uploads\/2020\/10\/logo-header.svg\",\"caption\":\"Blog Comunidad Esment\"},\"image\":{\"@id\":\"https:\/\/esment.org\/blogs\/#\/schema\/logo\/image\/\"}},{\"@type\":\"Person\",\"@id\":\"https:\/\/esment.org\/blogs\/#\/schema\/person\/d2af4a49059695d7ca3491e0498d6b36\",\"name\":\"Yolanda Tarramera\",\"image\":{\"@type\":\"ImageObject\",\"inLanguage\":\"es\",\"@id\":\"https:\/\/esment.org\/blogs\/#\/schema\/person\/image\/\",\"url\":\"https:\/\/secure.gravatar.com\/avatar\/c93060ec77db68f5fefd782408bed5a5005bb0b119c5ece6cdbf5ad8631c6e5b?s=96&d=mm&r=g\",\"contentUrl\":\"https:\/\/secure.gravatar.com\/avatar\/c93060ec77db68f5fefd782408bed5a5005bb0b119c5ece6cdbf5ad8631c6e5b?s=96&d=mm&r=g\",\"caption\":\"Yolanda Tarramera\"},\"url\":\"https:\/\/esment.org\/blogs\/author\/yolanda-tarramera\/\"}]}<\/script>\n<!-- \/ Yoast SEO plugin. -->","yoast_head_json":{"title":"La CAEB premia a Esment como empresa circular - Blog Comunidad Esment","robots":{"index":"index","follow":"follow","max-snippet":"max-snippet:-1","max-image-preview":"max-image-preview:large","max-video-preview":"max-video-preview:-1"},"canonical":"https:\/\/esment.org\/blogs\/la-caeb-premia-a-esment-como-empresa-circular\/","og_locale":"es_ES","og_type":"article","og_title":"La CAEB premia a Esment como empresa circular - Blog Comunidad Esment","og_description":"Esment ha sido premiado por su proyecto de econom\u00eda circular en la primera edici\u00f3n de los Premios Empresa Circular, concedidos por la Confederaci\u00f3n de Asociaciones Empresariales de Baleares (CAEB). Para la organizaci\u00f3n es un orgullo recibir este premio ya que supone un reconocimiento a nuestra apuesta por la sostenibilidad como valor fundamental para el bienestar [&hellip;]","og_url":"https:\/\/esment.org\/blogs\/la-caeb-premia-a-esment-como-empresa-circular\/","og_site_name":"Blog Comunidad Esment","article_published_time":"2024-03-25T10:18:33+00:00","article_modified_time":"2024-04-03T10:27:56+00:00","og_image":[{"width":2560,"height":1841,"url":"https:\/\/esment.org\/blogs\/wp-content\/uploads\/2024\/03\/premioscircular_ganadores-scaled.jpg","type":"image\/jpeg"}],"author":"Yolanda Tarramera","twitter_card":"summary_large_image","twitter_misc":{"Escrito por":"Yolanda Tarramera","Tiempo de lectura":"2 minutos"},"schema":{"@context":"https:\/\/schema.org","@graph":[{"@type":"Article","@id":"https:\/\/esment.org\/blogs\/la-caeb-premia-a-esment-como-empresa-circular\/#article","isPartOf":{"@id":"https:\/\/esment.org\/blogs\/la-caeb-premia-a-esment-como-empresa-circular\/"},"author":{"name":"Yolanda Tarramera","@id":"https:\/\/esment.org\/blogs\/#\/schema\/person\/d2af4a49059695d7ca3491e0498d6b36"},"headline":"La CAEB premia a Esment como empresa circular","datePublished":"2024-03-25T10:18:33+00:00","dateModified":"2024-04-03T10:27:56+00:00","mainEntityOfPage":{"@id":"https:\/\/esment.org\/blogs\/la-caeb-premia-a-esment-como-empresa-circular\/"},"wordCount":296,"commentCount":0,"publisher":{"@id":"https:\/\/esment.org\/blogs\/#organization"},"image":{"@id":"https:\/\/esment.org\/blogs\/la-caeb-premia-a-esment-como-empresa-circular\/#primaryimage"},"thumbnailUrl":"https:\/\/esment.org\/blogs\/wp-content\/uploads\/2024\/03\/premioscircular_ganadores-scaled.jpg","keywords":["CAEB","circularidad","premio","sostenibilidad"],"articleSection":["Blogs Esment Categoria Sostenibilidad"],"inLanguage":"es","potentialAction":[{"@type":"CommentAction","name":"Comment","target":["https:\/\/esment.org\/blogs\/la-caeb-premia-a-esment-como-empresa-circular\/#respond"]}]},{"@type":"WebPage","@id":"https:\/\/esment.org\/blogs\/la-caeb-premia-a-esment-como-empresa-circular\/","url":"https:\/\/esment.org\/blogs\/la-caeb-premia-a-esment-como-empresa-circular\/","name":"La CAEB premia a Esment como empresa circular - Blog Comunidad Esment","isPartOf":{"@id":"https:\/\/esment.org\/blogs\/#website"},"primaryImageOfPage":{"@id":"https:\/\/esment.org\/blogs\/la-caeb-premia-a-esment-como-empresa-circular\/#primaryimage"},"image":{"@id":"https:\/\/esment.org\/blogs\/la-caeb-premia-a-esment-como-empresa-circular\/#primaryimage"},"thumbnailUrl":"https:\/\/esment.org\/blogs\/wp-content\/uploads\/2024\/03\/premioscircular_ganadores-scaled.jpg","datePublished":"2024-03-25T10:18:33+00:00","dateModified":"2024-04-03T10:27:56+00:00","breadcrumb":{"@id":"https:\/\/esment.org\/blogs\/la-caeb-premia-a-esment-como-empresa-circular\/#breadcrumb"},"inLanguage":"es","potentialAction":[{"@type":"ReadAction","target":["https:\/\/esment.org\/blogs\/la-caeb-premia-a-esment-como-empresa-circular\/"]}]},{"@type":"ImageObject","inLanguage":"es","@id":"https:\/\/esment.org\/blogs\/la-caeb-premia-a-esment-como-empresa-circular\/#primaryimage","url":"https:\/\/esment.org\/blogs\/wp-content\/uploads\/2024\/03\/premioscircular_ganadores-scaled.jpg","contentUrl":"https:\/\/esment.org\/blogs\/wp-content\/uploads\/2024\/03\/premioscircular_ganadores-scaled.jpg","width":2560,"height":1841},{"@type":"BreadcrumbList","@id":"https:\/\/esment.org\/blogs\/la-caeb-premia-a-esment-como-empresa-circular\/#breadcrumb","itemListElement":[{"@type":"ListItem","position":1,"name":"Portada","item":"https:\/\/esment.org\/blogs\/"},{"@type":"ListItem","position":2,"name":"La CAEB premia a Esment como empresa circular"}]},{"@type":"WebSite","@id":"https:\/\/esment.org\/blogs\/#website","url":"https:\/\/esment.org\/blogs\/","name":"Blog Comunidad Esment","description":"Blogs de Esment","publisher":{"@id":"https:\/\/esment.org\/blogs\/#organization"},"potentialAction":[{"@type":"SearchAction","target":{"@type":"EntryPoint","urlTemplate":"https:\/\/esment.org\/blogs\/?s={search_term_string}"},"query-input":{"@type":"PropertyValueSpecification","valueRequired":true,"valueName":"search_term_string"}}],"inLanguage":"es"},{"@type":"Organization","@id":"https:\/\/esment.org\/blogs\/#organization","name":"Blog Comunidad Esment","url":"https:\/\/esment.org\/blogs\/","logo":{"@type":"ImageObject","inLanguage":"es","@id":"https:\/\/esment.org\/blogs\/#\/schema\/logo\/image\/","url":"https:\/\/esment.org\/blogs\/wp-content\/uploads\/2020\/10\/logo-header.svg","contentUrl":"https:\/\/esment.org\/blogs\/wp-content\/uploads\/2020\/10\/logo-header.svg","caption":"Blog Comunidad Esment"},"image":{"@id":"https:\/\/esment.org\/blogs\/#\/schema\/logo\/image\/"}},{"@type":"Person","@id":"https:\/\/esment.org\/blogs\/#\/schema\/person\/d2af4a49059695d7ca3491e0498d6b36","name":"Yolanda Tarramera","image":{"@type":"ImageObject","inLanguage":"es","@id":"https:\/\/esment.org\/blogs\/#\/schema\/person\/image\/","url":"https:\/\/secure.gravatar.com\/avatar\/c93060ec77db68f5fefd782408bed5a5005bb0b119c5ece6cdbf5ad8631c6e5b?s=96&d=mm&r=g","contentUrl":"https:\/\/secure.gravatar.com\/avatar\/c93060ec77db68f5fefd782408bed5a5005bb0b119c5ece6cdbf5ad8631c6e5b?s=96&d=mm&r=g","caption":"Yolanda Tarramera"},"url":"https:\/\/esment.org\/blogs\/author\/yolanda-tarramera\/"}]}},"_links":{"self":[{"href":"https:\/\/esment.org\/blogs\/wp-json\/wp\/v2\/posts\/23617","targetHints":{"allow":["GET"]}}],"collection":[{"href":"https:\/\/esment.org\/blogs\/wp-json\/wp\/v2\/posts"}],"about":[{"href":"https:\/\/esment.org\/blogs\/wp-json\/wp\/v2\/types\/post"}],"author":[{"embeddable":true,"href":"https:\/\/esment.org\/blogs\/wp-json\/wp\/v2\/users\/5"}],"replies":[{"embeddable":true,"href":"https:\/\/esment.org\/blogs\/wp-json\/wp\/v2\/comments?post=23617"}],"version-history":[{"count":6,"href":"https:\/\/esment.org\/blogs\/wp-json\/wp\/v2\/posts\/23617\/revisions"}],"predecessor-version":[{"id":23671,"href":"https:\/\/esment.org\/blogs\/wp-json\/wp\/v2\/posts\/23617\/revisions\/23671"}],"wp:featuredmedia":[{"embeddable":true,"href":"https:\/\/esment.org\/blogs\/wp-json\/wp\/v2\/media\/23619"}],"wp:attachment":[{"href":"https:\/\/esment.org\/blogs\/wp-json\/wp\/v2\/media?parent=23617"}],"wp:term":[{"taxonomy":"category","embeddable":true,"href":"https:\/\/esment.org\/blogs\/wp-json\/wp\/v2\/categories?post=23617"},{"taxonomy":"post_tag","embeddable":true,"href":"https:\/\/esment.org\/blogs\/wp-json\/wp\/v2\/tags?post=23617"}],"curies":[{"name":"wp","href":"https:\/\/api.w.org\/{rel}","templated":true}]}}