{"id":23597,"date":"2024-03-22T12:09:32","date_gmt":"2024-03-22T12:09:32","guid":{"rendered":"https:\/\/esment.org\/blogs\/?p=23597"},"modified":"2024-03-25T08:07:47","modified_gmt":"2024-03-25T08:07:47","slug":"esment-participa-en-el-job-day-uib","status":"publish","type":"post","link":"https:\/\/esment.org\/blogs\/esment-participa-en-el-job-day-uib\/","title":{"rendered":"Esment participa en el Job Day de la UIB"},"content":{"rendered":"<p><span style=\"font-size: 12pt;\">Un a\u00f1o m\u00e1s, Esment ha participado en una nueva edici\u00f3n de la feria de referencia de ocupaci\u00f3n universitaria en las Balears, Job Day UIB, celebrada hace unos d\u00edas en la Escola d\u2019Hoteleria.<\/span><\/p>\n<p id=\"post-text-box\" class=\"unregistered-content\"><span style=\"font-size: 12pt;\">Junto con Esment, m\u00e1s de 160 empresas y entidades ofrecieron a los estudiantes y personas graduadas su oferta de puestos de trabajo, as\u00ed como sus programas de ocupaci\u00f3n y pr\u00e1cticas. En este contexto de conexi\u00f3n entre el mundo acad\u00e9mico y empresarial, los responsables de recursos humanos de la entidad explicaron a los estudiantes los valores que definen la cultura de nuestra organizaci\u00f3n y les orientaron sobre los puestos de trabajo m\u00e1s demandados dentro de la entidad. En este sentido, se puso en valor la atenci\u00f3n sociosanitaria a personas dependientes o con necesidades de apoyo, una especialidad que hoy en d\u00eda precisa de un mayor n\u00famero de t\u00e9cnicos profesionales. La comunicaci\u00f3n en el \u00e1mbito social, la gesti\u00f3n medioambiental o la terapia ocupacional fueron otras de las especialidades por las que se interesaron los estudiantes.<\/span><\/p>\n<p id=\"post-text-hidden\" class=\"prometeo-hideable\"><span style=\"font-size: 12pt;\">Adem\u00e1s de conocer las oportunidades laborales, tambi\u00e9n se explic\u00f3 el servicio de orientaci\u00f3n laboral que ofrece Esment a los j\u00f3venes para favorecer el proceso de b\u00fasqueda de trabajo y su inserci\u00f3n laboral. El evento acogi\u00f3 a m\u00e1s de 165 empresas y entidades que ofrecieron m\u00e1s de 1.000 puestos de trabajo y pr\u00e1cticas.<\/span><\/p>\n","protected":false},"excerpt":{"rendered":"<p>Un a\u00f1o m\u00e1s, Esment ha participado en una nueva edici\u00f3n de la feria de referencia de ocupaci\u00f3n universitaria en las Balears, Job Day UIB, celebrada hace unos d\u00edas en la Escola d\u2019Hoteleria. Junto con Esment, m\u00e1s de 160 empresas y entidades ofrecieron a los estudiantes y personas graduadas su oferta de puestos de trabajo, as\u00ed [&hellip;]<\/p>\n","protected":false},"author":5,"featured_media":23611,"comment_status":"open","ping_status":"closed","sticky":false,"template":"","format":"standard","meta":{"_acf_changed":false,"footnotes":""},"categories":[1],"tags":[2074,246,617,333,405,427],"class_list":["post-23597","post","type-post","status-publish","format-standard","has-post-thumbnail","hentry","category-sin-categoria","tag-job-day","tag-ocupacion-2","tag-oferta","tag-orientacion","tag-recursos-humanos","tag-uib"],"acf":[],"yoast_head":"<!-- This site is optimized with the Yoast SEO plugin v26.4 - https:\/\/yoast.com\/wordpress\/plugins\/seo\/ -->\n<title>Esment participa en el Job Day de la UIB - Blog Comunidad Esment<\/title>\n<meta name=\"robots\" content=\"index, follow, max-snippet:-1, max-image-preview:large, max-video-preview:-1\" \/>\n<link rel=\"canonical\" href=\"https:\/\/esment.org\/blogs\/esment-participa-en-el-job-day-uib\/\" \/>\n<meta property=\"og:locale\" content=\"es_ES\" \/>\n<meta property=\"og:type\" content=\"article\" \/>\n<meta property=\"og:title\" content=\"Esment participa en el Job Day de la UIB - Blog Comunidad Esment\" \/>\n<meta property=\"og:description\" content=\"Un a\u00f1o m\u00e1s, Esment ha participado en una nueva edici\u00f3n de la feria de referencia de ocupaci\u00f3n universitaria en las Balears, Job Day UIB, celebrada hace unos d\u00edas en la Escola d\u2019Hoteleria. Junto con Esment, m\u00e1s de 160 empresas y entidades ofrecieron a los estudiantes y personas graduadas su oferta de puestos de trabajo, as\u00ed [&hellip;]\" \/>\n<meta property=\"og:url\" content=\"https:\/\/esment.org\/blogs\/esment-participa-en-el-job-day-uib\/\" \/>\n<meta property=\"og:site_name\" content=\"Blog Comunidad Esment\" \/>\n<meta property=\"article:published_time\" content=\"2024-03-22T12:09:32+00:00\" \/>\n<meta property=\"article:modified_time\" content=\"2024-03-25T08:07:47+00:00\" \/>\n<meta property=\"og:image\" content=\"https:\/\/esment.org\/blogs\/wp-content\/uploads\/2024\/03\/thumbnail_20240312_091625-3-e1711354027859.jpg\" \/>\n\t<meta property=\"og:image:width\" content=\"1439\" \/>\n\t<meta property=\"og:image:height\" content=\"899\" \/>\n\t<meta property=\"og:image:type\" content=\"image\/jpeg\" \/>\n<meta name=\"author\" content=\"Yolanda Tarramera\" \/>\n<meta name=\"twitter:card\" content=\"summary_large_image\" \/>\n<meta name=\"twitter:label1\" content=\"Escrito por\" \/>\n\t<meta name=\"twitter:data1\" content=\"Yolanda Tarramera\" \/>\n\t<meta name=\"twitter:label2\" content=\"Tiempo de lectura\" \/>\n\t<meta name=\"twitter:data2\" content=\"1 minuto\" \/>\n<script type=\"application\/ld+json\" class=\"yoast-schema-graph\">{\"@context\":\"https:\/\/schema.org\",\"@graph\":[{\"@type\":\"Article\",\"@id\":\"https:\/\/esment.org\/blogs\/esment-participa-en-el-job-day-uib\/#article\",\"isPartOf\":{\"@id\":\"https:\/\/esment.org\/blogs\/esment-participa-en-el-job-day-uib\/\"},\"author\":{\"name\":\"Yolanda Tarramera\",\"@id\":\"https:\/\/esment.org\/blogs\/#\/schema\/person\/d2af4a49059695d7ca3491e0498d6b36\"},\"headline\":\"Esment participa en el Job Day de la UIB\",\"datePublished\":\"2024-03-22T12:09:32+00:00\",\"dateModified\":\"2024-03-25T08:07:47+00:00\",\"mainEntityOfPage\":{\"@id\":\"https:\/\/esment.org\/blogs\/esment-participa-en-el-job-day-uib\/\"},\"wordCount\":251,\"commentCount\":0,\"publisher\":{\"@id\":\"https:\/\/esment.org\/blogs\/#organization\"},\"image\":{\"@id\":\"https:\/\/esment.org\/blogs\/esment-participa-en-el-job-day-uib\/#primaryimage\"},\"thumbnailUrl\":\"https:\/\/esment.org\/blogs\/wp-content\/uploads\/2024\/03\/thumbnail_20240312_091625-3-e1711354027859.jpg\",\"keywords\":[\"Job Day\",\"ocupaci\u00f3n\",\"oferta\",\"orientaci\u00f3n\",\"recursos humanos\",\"uib\"],\"inLanguage\":\"es\",\"potentialAction\":[{\"@type\":\"CommentAction\",\"name\":\"Comment\",\"target\":[\"https:\/\/esment.org\/blogs\/esment-participa-en-el-job-day-uib\/#respond\"]}]},{\"@type\":\"WebPage\",\"@id\":\"https:\/\/esment.org\/blogs\/esment-participa-en-el-job-day-uib\/\",\"url\":\"https:\/\/esment.org\/blogs\/esment-participa-en-el-job-day-uib\/\",\"name\":\"Esment participa en el Job Day de la UIB - Blog Comunidad Esment\",\"isPartOf\":{\"@id\":\"https:\/\/esment.org\/blogs\/#website\"},\"primaryImageOfPage\":{\"@id\":\"https:\/\/esment.org\/blogs\/esment-participa-en-el-job-day-uib\/#primaryimage\"},\"image\":{\"@id\":\"https:\/\/esment.org\/blogs\/esment-participa-en-el-job-day-uib\/#primaryimage\"},\"thumbnailUrl\":\"https:\/\/esment.org\/blogs\/wp-content\/uploads\/2024\/03\/thumbnail_20240312_091625-3-e1711354027859.jpg\",\"datePublished\":\"2024-03-22T12:09:32+00:00\",\"dateModified\":\"2024-03-25T08:07:47+00:00\",\"breadcrumb\":{\"@id\":\"https:\/\/esment.org\/blogs\/esment-participa-en-el-job-day-uib\/#breadcrumb\"},\"inLanguage\":\"es\",\"potentialAction\":[{\"@type\":\"ReadAction\",\"target\":[\"https:\/\/esment.org\/blogs\/esment-participa-en-el-job-day-uib\/\"]}]},{\"@type\":\"ImageObject\",\"inLanguage\":\"es\",\"@id\":\"https:\/\/esment.org\/blogs\/esment-participa-en-el-job-day-uib\/#primaryimage\",\"url\":\"https:\/\/esment.org\/blogs\/wp-content\/uploads\/2024\/03\/thumbnail_20240312_091625-3-e1711354027859.jpg\",\"contentUrl\":\"https:\/\/esment.org\/blogs\/wp-content\/uploads\/2024\/03\/thumbnail_20240312_091625-3-e1711354027859.jpg\",\"width\":1439,\"height\":899},{\"@type\":\"BreadcrumbList\",\"@id\":\"https:\/\/esment.org\/blogs\/esment-participa-en-el-job-day-uib\/#breadcrumb\",\"itemListElement\":[{\"@type\":\"ListItem\",\"position\":1,\"name\":\"Portada\",\"item\":\"https:\/\/esment.org\/blogs\/\"},{\"@type\":\"ListItem\",\"position\":2,\"name\":\"Esment participa en el Job Day de la UIB\"}]},{\"@type\":\"WebSite\",\"@id\":\"https:\/\/esment.org\/blogs\/#website\",\"url\":\"https:\/\/esment.org\/blogs\/\",\"name\":\"Blog Comunidad Esment\",\"description\":\"Blogs de Esment\",\"publisher\":{\"@id\":\"https:\/\/esment.org\/blogs\/#organization\"},\"potentialAction\":[{\"@type\":\"SearchAction\",\"target\":{\"@type\":\"EntryPoint\",\"urlTemplate\":\"https:\/\/esment.org\/blogs\/?s={search_term_string}\"},\"query-input\":{\"@type\":\"PropertyValueSpecification\",\"valueRequired\":true,\"valueName\":\"search_term_string\"}}],\"inLanguage\":\"es\"},{\"@type\":\"Organization\",\"@id\":\"https:\/\/esment.org\/blogs\/#organization\",\"name\":\"Blog Comunidad Esment\",\"url\":\"https:\/\/esment.org\/blogs\/\",\"logo\":{\"@type\":\"ImageObject\",\"inLanguage\":\"es\",\"@id\":\"https:\/\/esment.org\/blogs\/#\/schema\/logo\/image\/\",\"url\":\"https:\/\/esment.org\/blogs\/wp-content\/uploads\/2020\/10\/logo-header.svg\",\"contentUrl\":\"https:\/\/esment.org\/blogs\/wp-content\/uploads\/2020\/10\/logo-header.svg\",\"caption\":\"Blog Comunidad Esment\"},\"image\":{\"@id\":\"https:\/\/esment.org\/blogs\/#\/schema\/logo\/image\/\"}},{\"@type\":\"Person\",\"@id\":\"https:\/\/esment.org\/blogs\/#\/schema\/person\/d2af4a49059695d7ca3491e0498d6b36\",\"name\":\"Yolanda Tarramera\",\"image\":{\"@type\":\"ImageObject\",\"inLanguage\":\"es\",\"@id\":\"https:\/\/esment.org\/blogs\/#\/schema\/person\/image\/\",\"url\":\"https:\/\/secure.gravatar.com\/avatar\/c93060ec77db68f5fefd782408bed5a5005bb0b119c5ece6cdbf5ad8631c6e5b?s=96&d=mm&r=g\",\"contentUrl\":\"https:\/\/secure.gravatar.com\/avatar\/c93060ec77db68f5fefd782408bed5a5005bb0b119c5ece6cdbf5ad8631c6e5b?s=96&d=mm&r=g\",\"caption\":\"Yolanda Tarramera\"},\"url\":\"https:\/\/esment.org\/blogs\/author\/yolanda-tarramera\/\"}]}<\/script>\n<!-- \/ Yoast SEO plugin. -->","yoast_head_json":{"title":"Esment participa en el Job Day de la UIB - Blog Comunidad Esment","robots":{"index":"index","follow":"follow","max-snippet":"max-snippet:-1","max-image-preview":"max-image-preview:large","max-video-preview":"max-video-preview:-1"},"canonical":"https:\/\/esment.org\/blogs\/esment-participa-en-el-job-day-uib\/","og_locale":"es_ES","og_type":"article","og_title":"Esment participa en el Job Day de la UIB - Blog Comunidad Esment","og_description":"Un a\u00f1o m\u00e1s, Esment ha participado en una nueva edici\u00f3n de la feria de referencia de ocupaci\u00f3n universitaria en las Balears, Job Day UIB, celebrada hace unos d\u00edas en la Escola d\u2019Hoteleria. Junto con Esment, m\u00e1s de 160 empresas y entidades ofrecieron a los estudiantes y personas graduadas su oferta de puestos de trabajo, as\u00ed [&hellip;]","og_url":"https:\/\/esment.org\/blogs\/esment-participa-en-el-job-day-uib\/","og_site_name":"Blog Comunidad Esment","article_published_time":"2024-03-22T12:09:32+00:00","article_modified_time":"2024-03-25T08:07:47+00:00","og_image":[{"width":1439,"height":899,"url":"https:\/\/esment.org\/blogs\/wp-content\/uploads\/2024\/03\/thumbnail_20240312_091625-3-e1711354027859.jpg","type":"image\/jpeg"}],"author":"Yolanda Tarramera","twitter_card":"summary_large_image","twitter_misc":{"Escrito por":"Yolanda Tarramera","Tiempo de lectura":"1 minuto"},"schema":{"@context":"https:\/\/schema.org","@graph":[{"@type":"Article","@id":"https:\/\/esment.org\/blogs\/esment-participa-en-el-job-day-uib\/#article","isPartOf":{"@id":"https:\/\/esment.org\/blogs\/esment-participa-en-el-job-day-uib\/"},"author":{"name":"Yolanda Tarramera","@id":"https:\/\/esment.org\/blogs\/#\/schema\/person\/d2af4a49059695d7ca3491e0498d6b36"},"headline":"Esment participa en el Job Day de la UIB","datePublished":"2024-03-22T12:09:32+00:00","dateModified":"2024-03-25T08:07:47+00:00","mainEntityOfPage":{"@id":"https:\/\/esment.org\/blogs\/esment-participa-en-el-job-day-uib\/"},"wordCount":251,"commentCount":0,"publisher":{"@id":"https:\/\/esment.org\/blogs\/#organization"},"image":{"@id":"https:\/\/esment.org\/blogs\/esment-participa-en-el-job-day-uib\/#primaryimage"},"thumbnailUrl":"https:\/\/esment.org\/blogs\/wp-content\/uploads\/2024\/03\/thumbnail_20240312_091625-3-e1711354027859.jpg","keywords":["Job Day","ocupaci\u00f3n","oferta","orientaci\u00f3n","recursos humanos","uib"],"inLanguage":"es","potentialAction":[{"@type":"CommentAction","name":"Comment","target":["https:\/\/esment.org\/blogs\/esment-participa-en-el-job-day-uib\/#respond"]}]},{"@type":"WebPage","@id":"https:\/\/esment.org\/blogs\/esment-participa-en-el-job-day-uib\/","url":"https:\/\/esment.org\/blogs\/esment-participa-en-el-job-day-uib\/","name":"Esment participa en el Job Day de la UIB - Blog Comunidad Esment","isPartOf":{"@id":"https:\/\/esment.org\/blogs\/#website"},"primaryImageOfPage":{"@id":"https:\/\/esment.org\/blogs\/esment-participa-en-el-job-day-uib\/#primaryimage"},"image":{"@id":"https:\/\/esment.org\/blogs\/esment-participa-en-el-job-day-uib\/#primaryimage"},"thumbnailUrl":"https:\/\/esment.org\/blogs\/wp-content\/uploads\/2024\/03\/thumbnail_20240312_091625-3-e1711354027859.jpg","datePublished":"2024-03-22T12:09:32+00:00","dateModified":"2024-03-25T08:07:47+00:00","breadcrumb":{"@id":"https:\/\/esment.org\/blogs\/esment-participa-en-el-job-day-uib\/#breadcrumb"},"inLanguage":"es","potentialAction":[{"@type":"ReadAction","target":["https:\/\/esment.org\/blogs\/esment-participa-en-el-job-day-uib\/"]}]},{"@type":"ImageObject","inLanguage":"es","@id":"https:\/\/esment.org\/blogs\/esment-participa-en-el-job-day-uib\/#primaryimage","url":"https:\/\/esment.org\/blogs\/wp-content\/uploads\/2024\/03\/thumbnail_20240312_091625-3-e1711354027859.jpg","contentUrl":"https:\/\/esment.org\/blogs\/wp-content\/uploads\/2024\/03\/thumbnail_20240312_091625-3-e1711354027859.jpg","width":1439,"height":899},{"@type":"BreadcrumbList","@id":"https:\/\/esment.org\/blogs\/esment-participa-en-el-job-day-uib\/#breadcrumb","itemListElement":[{"@type":"ListItem","position":1,"name":"Portada","item":"https:\/\/esment.org\/blogs\/"},{"@type":"ListItem","position":2,"name":"Esment participa en el Job Day de la UIB"}]},{"@type":"WebSite","@id":"https:\/\/esment.org\/blogs\/#website","url":"https:\/\/esment.org\/blogs\/","name":"Blog Comunidad Esment","description":"Blogs de Esment","publisher":{"@id":"https:\/\/esment.org\/blogs\/#organization"},"potentialAction":[{"@type":"SearchAction","target":{"@type":"EntryPoint","urlTemplate":"https:\/\/esment.org\/blogs\/?s={search_term_string}"},"query-input":{"@type":"PropertyValueSpecification","valueRequired":true,"valueName":"search_term_string"}}],"inLanguage":"es"},{"@type":"Organization","@id":"https:\/\/esment.org\/blogs\/#organization","name":"Blog Comunidad Esment","url":"https:\/\/esment.org\/blogs\/","logo":{"@type":"ImageObject","inLanguage":"es","@id":"https:\/\/esment.org\/blogs\/#\/schema\/logo\/image\/","url":"https:\/\/esment.org\/blogs\/wp-content\/uploads\/2020\/10\/logo-header.svg","contentUrl":"https:\/\/esment.org\/blogs\/wp-content\/uploads\/2020\/10\/logo-header.svg","caption":"Blog Comunidad Esment"},"image":{"@id":"https:\/\/esment.org\/blogs\/#\/schema\/logo\/image\/"}},{"@type":"Person","@id":"https:\/\/esment.org\/blogs\/#\/schema\/person\/d2af4a49059695d7ca3491e0498d6b36","name":"Yolanda Tarramera","image":{"@type":"ImageObject","inLanguage":"es","@id":"https:\/\/esment.org\/blogs\/#\/schema\/person\/image\/","url":"https:\/\/secure.gravatar.com\/avatar\/c93060ec77db68f5fefd782408bed5a5005bb0b119c5ece6cdbf5ad8631c6e5b?s=96&d=mm&r=g","contentUrl":"https:\/\/secure.gravatar.com\/avatar\/c93060ec77db68f5fefd782408bed5a5005bb0b119c5ece6cdbf5ad8631c6e5b?s=96&d=mm&r=g","caption":"Yolanda Tarramera"},"url":"https:\/\/esment.org\/blogs\/author\/yolanda-tarramera\/"}]}},"_links":{"self":[{"href":"https:\/\/esment.org\/blogs\/wp-json\/wp\/v2\/posts\/23597","targetHints":{"allow":["GET"]}}],"collection":[{"href":"https:\/\/esment.org\/blogs\/wp-json\/wp\/v2\/posts"}],"about":[{"href":"https:\/\/esment.org\/blogs\/wp-json\/wp\/v2\/types\/post"}],"author":[{"embeddable":true,"href":"https:\/\/esment.org\/blogs\/wp-json\/wp\/v2\/users\/5"}],"replies":[{"embeddable":true,"href":"https:\/\/esment.org\/blogs\/wp-json\/wp\/v2\/comments?post=23597"}],"version-history":[{"count":8,"href":"https:\/\/esment.org\/blogs\/wp-json\/wp\/v2\/posts\/23597\/revisions"}],"predecessor-version":[{"id":23616,"href":"https:\/\/esment.org\/blogs\/wp-json\/wp\/v2\/posts\/23597\/revisions\/23616"}],"wp:featuredmedia":[{"embeddable":true,"href":"https:\/\/esment.org\/blogs\/wp-json\/wp\/v2\/media\/23611"}],"wp:attachment":[{"href":"https:\/\/esment.org\/blogs\/wp-json\/wp\/v2\/media?parent=23597"}],"wp:term":[{"taxonomy":"category","embeddable":true,"href":"https:\/\/esment.org\/blogs\/wp-json\/wp\/v2\/categories?post=23597"},{"taxonomy":"post_tag","embeddable":true,"href":"https:\/\/esment.org\/blogs\/wp-json\/wp\/v2\/tags?post=23597"}],"curies":[{"name":"wp","href":"https:\/\/api.w.org\/{rel}","templated":true}]}}