{"id":23483,"date":"2024-02-29T07:54:12","date_gmt":"2024-02-29T07:54:12","guid":{"rendered":"https:\/\/esment.org\/blogs\/?p=23483"},"modified":"2024-02-29T08:16:32","modified_gmt":"2024-02-29T08:16:32","slug":"presentamos-el-proyecto-como-quiero-que-me-trates-en-el-i-congreso-cesur-de-mallorca","status":"publish","type":"post","link":"https:\/\/esment.org\/blogs\/presentamos-el-proyecto-como-quiero-que-me-trates-en-el-i-congreso-cesur-de-mallorca\/","title":{"rendered":"Presentamos el proyecto \u00bfC\u00f3mo quiero que me trates? en el I Congreso CESUR de Mallorca"},"content":{"rendered":"<p>Esment ha participado esta semana en el I Congreso CESUR que se ha celebrado en Mallorca, una cita dirigida a estudiantes de FP, docentes y profesionales de la sanidad, en la que se abordaron temas relacionados con la aplicaci\u00f3n de las tecnolog\u00edas, la salud mental y el trato con los pacientes.<\/p>\n<p>Desde Esment Guies, un grupo de personas con necesidades de apoyo presentaron el proyecto <a href=\"https:\/\/esment.org\/blogs\/como-quiero-que-me-trates-personas-con-necesidades-de-apoyo-de-esment-responden-al-personal-sanitario\/\">\u00bfC\u00f3mo quiero que me trates?,<\/a> una sesi\u00f3n formativa y din\u00e1mica en la que se explica c\u00f3mo mejorar la comunicaci\u00f3n y el buen trato a los pacientes con discapacidad intelectual y TEA.\u00a0 La charla cont\u00f3 con la asistencia de un gran n\u00famero de estudiantes de auxiliar de enfermer\u00eda, as\u00ed como de profesionales que trabajan en centros en salud y buscan crear entornos que favorezcan la visita m\u00e9dica de las personas con necesidades de apoyo.<\/p>\n<p>Durante la charla, tambi\u00e9n hubo oportunidad de compartir algunos de los proyectos tecnol\u00f3gicos que desarrollamos en la organizaci\u00f3n para mejorar la vida de las personas. En este caso, se mostr\u00f3 el uso de gafas de realidad virtual para simular entornos <em>y<\/em> situaciones que se dan en una consulta o sala de espera. A trav\u00e9s de este dispositivo se ayuda a las personas a prepararse cuando tienen que acudir a citas o pruebas m\u00e9dicas que les pueda generar incomodidad o malestar por falta de informaci\u00f3n o desconocimiento.<\/p>\n<p><img fetchpriority=\"high\" decoding=\"async\" class=\"alignnone wp-image-23489 size-full\" src=\"https:\/\/esment.org\/blogs\/wp-content\/uploads\/2024\/02\/guies2.jpg\" alt=\"\" width=\"1379\" height=\"687\" srcset=\"https:\/\/esment.org\/blogs\/wp-content\/uploads\/2024\/02\/guies2.jpg 1379w, https:\/\/esment.org\/blogs\/wp-content\/uploads\/2024\/02\/guies2-300x149.jpg 300w, https:\/\/esment.org\/blogs\/wp-content\/uploads\/2024\/02\/guies2-1024x510.jpg 1024w, https:\/\/esment.org\/blogs\/wp-content\/uploads\/2024\/02\/guies2-768x383.jpg 768w\" sizes=\"(max-width: 1379px) 100vw, 1379px\" \/><\/p>\n<p><img decoding=\"async\" class=\"alignnone wp-image-23490 size-full\" src=\"https:\/\/esment.org\/blogs\/wp-content\/uploads\/2024\/02\/guies1.jpg\" alt=\"\" width=\"1362\" height=\"691\" srcset=\"https:\/\/esment.org\/blogs\/wp-content\/uploads\/2024\/02\/guies1.jpg 1362w, https:\/\/esment.org\/blogs\/wp-content\/uploads\/2024\/02\/guies1-300x152.jpg 300w, https:\/\/esment.org\/blogs\/wp-content\/uploads\/2024\/02\/guies1-1024x520.jpg 1024w, https:\/\/esment.org\/blogs\/wp-content\/uploads\/2024\/02\/guies1-768x390.jpg 768w\" sizes=\"(max-width: 1362px) 100vw, 1362px\" \/><\/p>\n<p><img decoding=\"async\" class=\"alignnone wp-image-23491 size-full\" src=\"https:\/\/esment.org\/blogs\/wp-content\/uploads\/2024\/02\/guies.jpg\" alt=\"\" width=\"1171\" height=\"575\" srcset=\"https:\/\/esment.org\/blogs\/wp-content\/uploads\/2024\/02\/guies.jpg 1171w, https:\/\/esment.org\/blogs\/wp-content\/uploads\/2024\/02\/guies-300x147.jpg 300w, https:\/\/esment.org\/blogs\/wp-content\/uploads\/2024\/02\/guies-1024x503.jpg 1024w, https:\/\/esment.org\/blogs\/wp-content\/uploads\/2024\/02\/guies-768x377.jpg 768w\" sizes=\"(max-width: 1171px) 100vw, 1171px\" \/><\/p>\n<p>&nbsp;<\/p>\n<p>&nbsp;<\/p>\n","protected":false},"excerpt":{"rendered":"<p>Esment ha participado esta semana en el I Congreso CESUR que se ha celebrado en Mallorca, una cita dirigida a estudiantes de FP, docentes y profesionales de la sanidad, en la que se abordaron temas relacionados con la aplicaci\u00f3n de las tecnolog\u00edas, la salud mental y el trato con los pacientes. Desde Esment Guies, un [&hellip;]<\/p>\n","protected":false},"author":5,"featured_media":23486,"comment_status":"open","ping_status":"closed","sticky":false,"template":"","format":"standard","meta":{"_acf_changed":false,"footnotes":""},"categories":[1],"tags":[2057,662,456,76,17,2055,461,752,1147,2056],"class_list":["post-23483","post","type-post","status-publish","format-standard","has-post-thumbnail","hentry","category-sin-categoria","tag-cesur","tag-comunicacion","tag-congreso","tag-discapacidad","tag-formacion-profesional","tag-paciente","tag-profesionales","tag-sanidad","tag-tea","tag-trato"],"acf":[],"yoast_head":"<!-- This site is optimized with the Yoast SEO plugin v26.4 - https:\/\/yoast.com\/wordpress\/plugins\/seo\/ -->\n<title>Presentamos el proyecto \u00bfC\u00f3mo quiero que me trates? en el I Congreso CESUR de Mallorca - Blog Comunidad Esment<\/title>\n<meta name=\"robots\" content=\"index, follow, max-snippet:-1, max-image-preview:large, max-video-preview:-1\" \/>\n<link rel=\"canonical\" href=\"https:\/\/esment.org\/blogs\/presentamos-el-proyecto-como-quiero-que-me-trates-en-el-i-congreso-cesur-de-mallorca\/\" \/>\n<meta property=\"og:locale\" content=\"es_ES\" \/>\n<meta property=\"og:type\" content=\"article\" \/>\n<meta property=\"og:title\" content=\"Presentamos el proyecto \u00bfC\u00f3mo quiero que me trates? en el I Congreso CESUR de Mallorca - Blog Comunidad Esment\" \/>\n<meta property=\"og:description\" content=\"Esment ha participado esta semana en el I Congreso CESUR que se ha celebrado en Mallorca, una cita dirigida a estudiantes de FP, docentes y profesionales de la sanidad, en la que se abordaron temas relacionados con la aplicaci\u00f3n de las tecnolog\u00edas, la salud mental y el trato con los pacientes. Desde Esment Guies, un [&hellip;]\" \/>\n<meta property=\"og:url\" content=\"https:\/\/esment.org\/blogs\/presentamos-el-proyecto-como-quiero-que-me-trates-en-el-i-congreso-cesur-de-mallorca\/\" \/>\n<meta property=\"og:site_name\" content=\"Blog Comunidad Esment\" \/>\n<meta property=\"article:published_time\" content=\"2024-02-29T07:54:12+00:00\" \/>\n<meta property=\"article:modified_time\" content=\"2024-02-29T08:16:32+00:00\" \/>\n<meta property=\"og:image\" content=\"https:\/\/esment.org\/blogs\/wp-content\/uploads\/2024\/02\/WhatsApp-Image-2024-02-27-at-16.35.21-2-e1709193376240.jpeg\" \/>\n\t<meta property=\"og:image:width\" content=\"1600\" \/>\n\t<meta property=\"og:image:height\" content=\"968\" \/>\n\t<meta property=\"og:image:type\" content=\"image\/jpeg\" \/>\n<meta name=\"author\" content=\"Yolanda Tarramera\" \/>\n<meta name=\"twitter:card\" content=\"summary_large_image\" \/>\n<meta name=\"twitter:label1\" content=\"Escrito por\" \/>\n\t<meta name=\"twitter:data1\" content=\"Yolanda Tarramera\" \/>\n\t<meta name=\"twitter:label2\" content=\"Tiempo de lectura\" \/>\n\t<meta name=\"twitter:data2\" content=\"2 minutos\" \/>\n<script type=\"application\/ld+json\" class=\"yoast-schema-graph\">{\"@context\":\"https:\/\/schema.org\",\"@graph\":[{\"@type\":\"Article\",\"@id\":\"https:\/\/esment.org\/blogs\/presentamos-el-proyecto-como-quiero-que-me-trates-en-el-i-congreso-cesur-de-mallorca\/#article\",\"isPartOf\":{\"@id\":\"https:\/\/esment.org\/blogs\/presentamos-el-proyecto-como-quiero-que-me-trates-en-el-i-congreso-cesur-de-mallorca\/\"},\"author\":{\"name\":\"Yolanda Tarramera\",\"@id\":\"https:\/\/esment.org\/blogs\/#\/schema\/person\/d2af4a49059695d7ca3491e0498d6b36\"},\"headline\":\"Presentamos el proyecto \u00bfC\u00f3mo quiero que me trates? en el I Congreso CESUR de Mallorca\",\"datePublished\":\"2024-02-29T07:54:12+00:00\",\"dateModified\":\"2024-02-29T08:16:32+00:00\",\"mainEntityOfPage\":{\"@id\":\"https:\/\/esment.org\/blogs\/presentamos-el-proyecto-como-quiero-que-me-trates-en-el-i-congreso-cesur-de-mallorca\/\"},\"wordCount\":258,\"commentCount\":0,\"publisher\":{\"@id\":\"https:\/\/esment.org\/blogs\/#organization\"},\"image\":{\"@id\":\"https:\/\/esment.org\/blogs\/presentamos-el-proyecto-como-quiero-que-me-trates-en-el-i-congreso-cesur-de-mallorca\/#primaryimage\"},\"thumbnailUrl\":\"https:\/\/esment.org\/blogs\/wp-content\/uploads\/2024\/02\/WhatsApp-Image-2024-02-27-at-16.35.21-2-e1709193376240.jpeg\",\"keywords\":[\"CESUR\",\"comunicaci\u00f3n\",\"congreso\",\"discapacidad\",\"formaci\u00f3n profesional\",\"paciente\",\"profesionales\",\"sanidad\",\"tea\",\"trato\"],\"inLanguage\":\"es\",\"potentialAction\":[{\"@type\":\"CommentAction\",\"name\":\"Comment\",\"target\":[\"https:\/\/esment.org\/blogs\/presentamos-el-proyecto-como-quiero-que-me-trates-en-el-i-congreso-cesur-de-mallorca\/#respond\"]}]},{\"@type\":\"WebPage\",\"@id\":\"https:\/\/esment.org\/blogs\/presentamos-el-proyecto-como-quiero-que-me-trates-en-el-i-congreso-cesur-de-mallorca\/\",\"url\":\"https:\/\/esment.org\/blogs\/presentamos-el-proyecto-como-quiero-que-me-trates-en-el-i-congreso-cesur-de-mallorca\/\",\"name\":\"Presentamos el proyecto \u00bfC\u00f3mo quiero que me trates? en el I Congreso CESUR de Mallorca - Blog Comunidad Esment\",\"isPartOf\":{\"@id\":\"https:\/\/esment.org\/blogs\/#website\"},\"primaryImageOfPage\":{\"@id\":\"https:\/\/esment.org\/blogs\/presentamos-el-proyecto-como-quiero-que-me-trates-en-el-i-congreso-cesur-de-mallorca\/#primaryimage\"},\"image\":{\"@id\":\"https:\/\/esment.org\/blogs\/presentamos-el-proyecto-como-quiero-que-me-trates-en-el-i-congreso-cesur-de-mallorca\/#primaryimage\"},\"thumbnailUrl\":\"https:\/\/esment.org\/blogs\/wp-content\/uploads\/2024\/02\/WhatsApp-Image-2024-02-27-at-16.35.21-2-e1709193376240.jpeg\",\"datePublished\":\"2024-02-29T07:54:12+00:00\",\"dateModified\":\"2024-02-29T08:16:32+00:00\",\"breadcrumb\":{\"@id\":\"https:\/\/esment.org\/blogs\/presentamos-el-proyecto-como-quiero-que-me-trates-en-el-i-congreso-cesur-de-mallorca\/#breadcrumb\"},\"inLanguage\":\"es\",\"potentialAction\":[{\"@type\":\"ReadAction\",\"target\":[\"https:\/\/esment.org\/blogs\/presentamos-el-proyecto-como-quiero-que-me-trates-en-el-i-congreso-cesur-de-mallorca\/\"]}]},{\"@type\":\"ImageObject\",\"inLanguage\":\"es\",\"@id\":\"https:\/\/esment.org\/blogs\/presentamos-el-proyecto-como-quiero-que-me-trates-en-el-i-congreso-cesur-de-mallorca\/#primaryimage\",\"url\":\"https:\/\/esment.org\/blogs\/wp-content\/uploads\/2024\/02\/WhatsApp-Image-2024-02-27-at-16.35.21-2-e1709193376240.jpeg\",\"contentUrl\":\"https:\/\/esment.org\/blogs\/wp-content\/uploads\/2024\/02\/WhatsApp-Image-2024-02-27-at-16.35.21-2-e1709193376240.jpeg\",\"width\":1600,\"height\":968},{\"@type\":\"BreadcrumbList\",\"@id\":\"https:\/\/esment.org\/blogs\/presentamos-el-proyecto-como-quiero-que-me-trates-en-el-i-congreso-cesur-de-mallorca\/#breadcrumb\",\"itemListElement\":[{\"@type\":\"ListItem\",\"position\":1,\"name\":\"Portada\",\"item\":\"https:\/\/esment.org\/blogs\/\"},{\"@type\":\"ListItem\",\"position\":2,\"name\":\"Presentamos el proyecto \u00bfC\u00f3mo quiero que me trates? en el I Congreso CESUR de Mallorca\"}]},{\"@type\":\"WebSite\",\"@id\":\"https:\/\/esment.org\/blogs\/#website\",\"url\":\"https:\/\/esment.org\/blogs\/\",\"name\":\"Blog Comunidad Esment\",\"description\":\"Blogs de Esment\",\"publisher\":{\"@id\":\"https:\/\/esment.org\/blogs\/#organization\"},\"potentialAction\":[{\"@type\":\"SearchAction\",\"target\":{\"@type\":\"EntryPoint\",\"urlTemplate\":\"https:\/\/esment.org\/blogs\/?s={search_term_string}\"},\"query-input\":{\"@type\":\"PropertyValueSpecification\",\"valueRequired\":true,\"valueName\":\"search_term_string\"}}],\"inLanguage\":\"es\"},{\"@type\":\"Organization\",\"@id\":\"https:\/\/esment.org\/blogs\/#organization\",\"name\":\"Blog Comunidad Esment\",\"url\":\"https:\/\/esment.org\/blogs\/\",\"logo\":{\"@type\":\"ImageObject\",\"inLanguage\":\"es\",\"@id\":\"https:\/\/esment.org\/blogs\/#\/schema\/logo\/image\/\",\"url\":\"https:\/\/esment.org\/blogs\/wp-content\/uploads\/2020\/10\/logo-header.svg\",\"contentUrl\":\"https:\/\/esment.org\/blogs\/wp-content\/uploads\/2020\/10\/logo-header.svg\",\"caption\":\"Blog Comunidad Esment\"},\"image\":{\"@id\":\"https:\/\/esment.org\/blogs\/#\/schema\/logo\/image\/\"}},{\"@type\":\"Person\",\"@id\":\"https:\/\/esment.org\/blogs\/#\/schema\/person\/d2af4a49059695d7ca3491e0498d6b36\",\"name\":\"Yolanda Tarramera\",\"image\":{\"@type\":\"ImageObject\",\"inLanguage\":\"es\",\"@id\":\"https:\/\/esment.org\/blogs\/#\/schema\/person\/image\/\",\"url\":\"https:\/\/secure.gravatar.com\/avatar\/c93060ec77db68f5fefd782408bed5a5005bb0b119c5ece6cdbf5ad8631c6e5b?s=96&d=mm&r=g\",\"contentUrl\":\"https:\/\/secure.gravatar.com\/avatar\/c93060ec77db68f5fefd782408bed5a5005bb0b119c5ece6cdbf5ad8631c6e5b?s=96&d=mm&r=g\",\"caption\":\"Yolanda Tarramera\"},\"url\":\"https:\/\/esment.org\/blogs\/author\/yolanda-tarramera\/\"}]}<\/script>\n<!-- \/ Yoast SEO plugin. -->","yoast_head_json":{"title":"Presentamos el proyecto \u00bfC\u00f3mo quiero que me trates? en el I Congreso CESUR de Mallorca - Blog Comunidad Esment","robots":{"index":"index","follow":"follow","max-snippet":"max-snippet:-1","max-image-preview":"max-image-preview:large","max-video-preview":"max-video-preview:-1"},"canonical":"https:\/\/esment.org\/blogs\/presentamos-el-proyecto-como-quiero-que-me-trates-en-el-i-congreso-cesur-de-mallorca\/","og_locale":"es_ES","og_type":"article","og_title":"Presentamos el proyecto \u00bfC\u00f3mo quiero que me trates? en el I Congreso CESUR de Mallorca - Blog Comunidad Esment","og_description":"Esment ha participado esta semana en el I Congreso CESUR que se ha celebrado en Mallorca, una cita dirigida a estudiantes de FP, docentes y profesionales de la sanidad, en la que se abordaron temas relacionados con la aplicaci\u00f3n de las tecnolog\u00edas, la salud mental y el trato con los pacientes. Desde Esment Guies, un [&hellip;]","og_url":"https:\/\/esment.org\/blogs\/presentamos-el-proyecto-como-quiero-que-me-trates-en-el-i-congreso-cesur-de-mallorca\/","og_site_name":"Blog Comunidad Esment","article_published_time":"2024-02-29T07:54:12+00:00","article_modified_time":"2024-02-29T08:16:32+00:00","og_image":[{"width":1600,"height":968,"url":"https:\/\/esment.org\/blogs\/wp-content\/uploads\/2024\/02\/WhatsApp-Image-2024-02-27-at-16.35.21-2-e1709193376240.jpeg","type":"image\/jpeg"}],"author":"Yolanda Tarramera","twitter_card":"summary_large_image","twitter_misc":{"Escrito por":"Yolanda Tarramera","Tiempo de lectura":"2 minutos"},"schema":{"@context":"https:\/\/schema.org","@graph":[{"@type":"Article","@id":"https:\/\/esment.org\/blogs\/presentamos-el-proyecto-como-quiero-que-me-trates-en-el-i-congreso-cesur-de-mallorca\/#article","isPartOf":{"@id":"https:\/\/esment.org\/blogs\/presentamos-el-proyecto-como-quiero-que-me-trates-en-el-i-congreso-cesur-de-mallorca\/"},"author":{"name":"Yolanda Tarramera","@id":"https:\/\/esment.org\/blogs\/#\/schema\/person\/d2af4a49059695d7ca3491e0498d6b36"},"headline":"Presentamos el proyecto \u00bfC\u00f3mo quiero que me trates? en el I Congreso CESUR de Mallorca","datePublished":"2024-02-29T07:54:12+00:00","dateModified":"2024-02-29T08:16:32+00:00","mainEntityOfPage":{"@id":"https:\/\/esment.org\/blogs\/presentamos-el-proyecto-como-quiero-que-me-trates-en-el-i-congreso-cesur-de-mallorca\/"},"wordCount":258,"commentCount":0,"publisher":{"@id":"https:\/\/esment.org\/blogs\/#organization"},"image":{"@id":"https:\/\/esment.org\/blogs\/presentamos-el-proyecto-como-quiero-que-me-trates-en-el-i-congreso-cesur-de-mallorca\/#primaryimage"},"thumbnailUrl":"https:\/\/esment.org\/blogs\/wp-content\/uploads\/2024\/02\/WhatsApp-Image-2024-02-27-at-16.35.21-2-e1709193376240.jpeg","keywords":["CESUR","comunicaci\u00f3n","congreso","discapacidad","formaci\u00f3n profesional","paciente","profesionales","sanidad","tea","trato"],"inLanguage":"es","potentialAction":[{"@type":"CommentAction","name":"Comment","target":["https:\/\/esment.org\/blogs\/presentamos-el-proyecto-como-quiero-que-me-trates-en-el-i-congreso-cesur-de-mallorca\/#respond"]}]},{"@type":"WebPage","@id":"https:\/\/esment.org\/blogs\/presentamos-el-proyecto-como-quiero-que-me-trates-en-el-i-congreso-cesur-de-mallorca\/","url":"https:\/\/esment.org\/blogs\/presentamos-el-proyecto-como-quiero-que-me-trates-en-el-i-congreso-cesur-de-mallorca\/","name":"Presentamos el proyecto \u00bfC\u00f3mo quiero que me trates? en el I Congreso CESUR de Mallorca - Blog Comunidad Esment","isPartOf":{"@id":"https:\/\/esment.org\/blogs\/#website"},"primaryImageOfPage":{"@id":"https:\/\/esment.org\/blogs\/presentamos-el-proyecto-como-quiero-que-me-trates-en-el-i-congreso-cesur-de-mallorca\/#primaryimage"},"image":{"@id":"https:\/\/esment.org\/blogs\/presentamos-el-proyecto-como-quiero-que-me-trates-en-el-i-congreso-cesur-de-mallorca\/#primaryimage"},"thumbnailUrl":"https:\/\/esment.org\/blogs\/wp-content\/uploads\/2024\/02\/WhatsApp-Image-2024-02-27-at-16.35.21-2-e1709193376240.jpeg","datePublished":"2024-02-29T07:54:12+00:00","dateModified":"2024-02-29T08:16:32+00:00","breadcrumb":{"@id":"https:\/\/esment.org\/blogs\/presentamos-el-proyecto-como-quiero-que-me-trates-en-el-i-congreso-cesur-de-mallorca\/#breadcrumb"},"inLanguage":"es","potentialAction":[{"@type":"ReadAction","target":["https:\/\/esment.org\/blogs\/presentamos-el-proyecto-como-quiero-que-me-trates-en-el-i-congreso-cesur-de-mallorca\/"]}]},{"@type":"ImageObject","inLanguage":"es","@id":"https:\/\/esment.org\/blogs\/presentamos-el-proyecto-como-quiero-que-me-trates-en-el-i-congreso-cesur-de-mallorca\/#primaryimage","url":"https:\/\/esment.org\/blogs\/wp-content\/uploads\/2024\/02\/WhatsApp-Image-2024-02-27-at-16.35.21-2-e1709193376240.jpeg","contentUrl":"https:\/\/esment.org\/blogs\/wp-content\/uploads\/2024\/02\/WhatsApp-Image-2024-02-27-at-16.35.21-2-e1709193376240.jpeg","width":1600,"height":968},{"@type":"BreadcrumbList","@id":"https:\/\/esment.org\/blogs\/presentamos-el-proyecto-como-quiero-que-me-trates-en-el-i-congreso-cesur-de-mallorca\/#breadcrumb","itemListElement":[{"@type":"ListItem","position":1,"name":"Portada","item":"https:\/\/esment.org\/blogs\/"},{"@type":"ListItem","position":2,"name":"Presentamos el proyecto \u00bfC\u00f3mo quiero que me trates? en el I Congreso CESUR de Mallorca"}]},{"@type":"WebSite","@id":"https:\/\/esment.org\/blogs\/#website","url":"https:\/\/esment.org\/blogs\/","name":"Blog Comunidad Esment","description":"Blogs de Esment","publisher":{"@id":"https:\/\/esment.org\/blogs\/#organization"},"potentialAction":[{"@type":"SearchAction","target":{"@type":"EntryPoint","urlTemplate":"https:\/\/esment.org\/blogs\/?s={search_term_string}"},"query-input":{"@type":"PropertyValueSpecification","valueRequired":true,"valueName":"search_term_string"}}],"inLanguage":"es"},{"@type":"Organization","@id":"https:\/\/esment.org\/blogs\/#organization","name":"Blog Comunidad Esment","url":"https:\/\/esment.org\/blogs\/","logo":{"@type":"ImageObject","inLanguage":"es","@id":"https:\/\/esment.org\/blogs\/#\/schema\/logo\/image\/","url":"https:\/\/esment.org\/blogs\/wp-content\/uploads\/2020\/10\/logo-header.svg","contentUrl":"https:\/\/esment.org\/blogs\/wp-content\/uploads\/2020\/10\/logo-header.svg","caption":"Blog Comunidad Esment"},"image":{"@id":"https:\/\/esment.org\/blogs\/#\/schema\/logo\/image\/"}},{"@type":"Person","@id":"https:\/\/esment.org\/blogs\/#\/schema\/person\/d2af4a49059695d7ca3491e0498d6b36","name":"Yolanda Tarramera","image":{"@type":"ImageObject","inLanguage":"es","@id":"https:\/\/esment.org\/blogs\/#\/schema\/person\/image\/","url":"https:\/\/secure.gravatar.com\/avatar\/c93060ec77db68f5fefd782408bed5a5005bb0b119c5ece6cdbf5ad8631c6e5b?s=96&d=mm&r=g","contentUrl":"https:\/\/secure.gravatar.com\/avatar\/c93060ec77db68f5fefd782408bed5a5005bb0b119c5ece6cdbf5ad8631c6e5b?s=96&d=mm&r=g","caption":"Yolanda Tarramera"},"url":"https:\/\/esment.org\/blogs\/author\/yolanda-tarramera\/"}]}},"_links":{"self":[{"href":"https:\/\/esment.org\/blogs\/wp-json\/wp\/v2\/posts\/23483","targetHints":{"allow":["GET"]}}],"collection":[{"href":"https:\/\/esment.org\/blogs\/wp-json\/wp\/v2\/posts"}],"about":[{"href":"https:\/\/esment.org\/blogs\/wp-json\/wp\/v2\/types\/post"}],"author":[{"embeddable":true,"href":"https:\/\/esment.org\/blogs\/wp-json\/wp\/v2\/users\/5"}],"replies":[{"embeddable":true,"href":"https:\/\/esment.org\/blogs\/wp-json\/wp\/v2\/comments?post=23483"}],"version-history":[{"count":5,"href":"https:\/\/esment.org\/blogs\/wp-json\/wp\/v2\/posts\/23483\/revisions"}],"predecessor-version":[{"id":23494,"href":"https:\/\/esment.org\/blogs\/wp-json\/wp\/v2\/posts\/23483\/revisions\/23494"}],"wp:featuredmedia":[{"embeddable":true,"href":"https:\/\/esment.org\/blogs\/wp-json\/wp\/v2\/media\/23486"}],"wp:attachment":[{"href":"https:\/\/esment.org\/blogs\/wp-json\/wp\/v2\/media?parent=23483"}],"wp:term":[{"taxonomy":"category","embeddable":true,"href":"https:\/\/esment.org\/blogs\/wp-json\/wp\/v2\/categories?post=23483"},{"taxonomy":"post_tag","embeddable":true,"href":"https:\/\/esment.org\/blogs\/wp-json\/wp\/v2\/tags?post=23483"}],"curies":[{"name":"wp","href":"https:\/\/api.w.org\/{rel}","templated":true}]}}