{"id":18375,"date":"2021-07-21T07:47:21","date_gmt":"2021-07-21T07:47:21","guid":{"rendered":"https:\/\/esment.org\/blogs\/?p=18375"},"modified":"2021-07-21T08:26:38","modified_gmt":"2021-07-21T08:26:38","slug":"fcc-medio-ambiente-colabora-con-esment","status":"publish","type":"post","link":"https:\/\/esment.org\/blogs\/fcc-medio-ambiente-colabora-con-esment\/","title":{"rendered":"FCC Medio Ambiente colabora con Esment"},"content":{"rendered":"<p>FCC Medio Ambiente colabora con Esment acogiendo a uno de sus alumnos participante en un Proyecto del IMAS, en convenio de pr\u00e1cticas.<br \/>\nEl alumno, reside en la poblaci\u00f3n de Campos y ayudaba en el negocio familiar del sector de hosteler\u00eda, pero su deseo era tener la oportunidad de conocer c\u00f3mo ser\u00eda realizar el servicio de recogida del lugar d\u00f3nde reside.<br \/>\nCon el apoyo de los profesionales de treball amb suport y el equipo de FCC Medio Ambiente ha podido desempe\u00f1ar sus pr\u00e1cticas en el \u201cServicio de recogida y transporte de residuos urbanos y otros servicios complementarios del municipio de Campos\u201d.<br \/>\nEl alumno, ha colaborado en el apoyo al equipo de recogida de d\u00eda, aprendiendo a realizar el servicio de recogida puerta a puerta de cart\u00f3n y vidrio, as\u00ed como la recogida de enseres del municipio.<br \/>\nAdem\u00e1s, a consecuencia de esta colaboraci\u00f3n con Esment, FCC Medio Ambiente, en el marco de la colaboraci\u00f3n con Incorpora, tambi\u00e9n ha contratado a otra persona, para un servicio adicional llamado \u201cservicio de repaso\u201d que consiste en recoger aquellas bolsas que los vecinos depositan en la v\u00eda p\u00fablica de forma incorrecta por diversas causas. Es un trabajo que permite tener el municipio de Campos m\u00e1s limpio y transmitir a su poblaci\u00f3n la importancia de tener una actitud c\u00edvica y sostenible.<\/p>\n<p>&nbsp;<\/p>\n<p><img fetchpriority=\"high\" decoding=\"async\" class=\"alignnone size-medium wp-image-18377\" src=\"https:\/\/esment.org\/blogs\/wp-content\/uploads\/2021\/07\/thumbnail_20210622_094416-225x300.jpg\" alt=\"\" width=\"225\" height=\"300\" srcset=\"https:\/\/esment.org\/blogs\/wp-content\/uploads\/2021\/07\/thumbnail_20210622_094416-225x300.jpg 225w, https:\/\/esment.org\/blogs\/wp-content\/uploads\/2021\/07\/thumbnail_20210622_094416-768x1024.jpg 768w, https:\/\/esment.org\/blogs\/wp-content\/uploads\/2021\/07\/thumbnail_20210622_094416.jpg 960w\" sizes=\"(max-width: 225px) 100vw, 225px\" \/><\/p>\n<p><img decoding=\"async\" class=\"alignnone size-medium wp-image-18376\" src=\"https:\/\/esment.org\/blogs\/wp-content\/uploads\/2021\/07\/thumbnail_20210622_085302-1-225x300.jpg\" alt=\"\" width=\"225\" height=\"300\" srcset=\"https:\/\/esment.org\/blogs\/wp-content\/uploads\/2021\/07\/thumbnail_20210622_085302-1-225x300.jpg 225w, https:\/\/esment.org\/blogs\/wp-content\/uploads\/2021\/07\/thumbnail_20210622_085302-1-768x1024.jpg 768w, https:\/\/esment.org\/blogs\/wp-content\/uploads\/2021\/07\/thumbnail_20210622_085302-1.jpg 960w\" sizes=\"(max-width: 225px) 100vw, 225px\" \/><\/p>\n","protected":false},"excerpt":{"rendered":"<p>FCC Medio Ambiente colabora con Esment acogiendo a uno de sus alumnos participante en un Proyecto del IMAS, en convenio de pr\u00e1cticas. El alumno, reside en la poblaci\u00f3n de Campos y ayudaba en el negocio familiar del sector de hosteler\u00eda, pero su deseo era tener la oportunidad de conocer c\u00f3mo ser\u00eda realizar el servicio de [&hellip;]<\/p>\n","protected":false},"author":2,"featured_media":18382,"comment_status":"open","ping_status":"closed","sticky":false,"template":"","format":"standard","meta":{"_acf_changed":false,"footnotes":""},"categories":[1129,24,1132],"tags":[210,545,1243,251,613],"class_list":["post-18375","post","type-post","status-publish","format-standard","has-post-thumbnail","hentry","category-colaboraciones","category-destacadas","category-destacado-1","tag-colaboracion","tag-esment","tag-fcc-medio-ambiente","tag-incorpora","tag-treball-amb-suport"],"acf":[],"yoast_head":"<!-- This site is optimized with the Yoast SEO plugin v26.4 - https:\/\/yoast.com\/wordpress\/plugins\/seo\/ -->\n<title>FCC Medio Ambiente colabora con Esment - Blog Comunidad Esment<\/title>\n<meta name=\"robots\" content=\"index, follow, max-snippet:-1, max-image-preview:large, max-video-preview:-1\" \/>\n<link rel=\"canonical\" href=\"https:\/\/esment.org\/blogs\/fcc-medio-ambiente-colabora-con-esment\/\" \/>\n<meta property=\"og:locale\" content=\"es_ES\" \/>\n<meta property=\"og:type\" content=\"article\" \/>\n<meta property=\"og:title\" content=\"FCC Medio Ambiente colabora con Esment - Blog Comunidad Esment\" \/>\n<meta property=\"og:description\" content=\"FCC Medio Ambiente colabora con Esment acogiendo a uno de sus alumnos participante en un Proyecto del IMAS, en convenio de pr\u00e1cticas. El alumno, reside en la poblaci\u00f3n de Campos y ayudaba en el negocio familiar del sector de hosteler\u00eda, pero su deseo era tener la oportunidad de conocer c\u00f3mo ser\u00eda realizar el servicio de [&hellip;]\" \/>\n<meta property=\"og:url\" content=\"https:\/\/esment.org\/blogs\/fcc-medio-ambiente-colabora-con-esment\/\" \/>\n<meta property=\"og:site_name\" content=\"Blog Comunidad Esment\" \/>\n<meta property=\"article:published_time\" content=\"2021-07-21T07:47:21+00:00\" \/>\n<meta property=\"article:modified_time\" content=\"2021-07-21T08:26:38+00:00\" \/>\n<meta property=\"og:image\" content=\"https:\/\/esment.org\/blogs\/wp-content\/uploads\/2021\/07\/thumbnail_20210622_085302-1-RR.jpg\" \/>\n\t<meta property=\"og:image:width\" content=\"945\" \/>\n\t<meta property=\"og:image:height\" content=\"595\" \/>\n\t<meta property=\"og:image:type\" content=\"image\/jpeg\" \/>\n<meta name=\"author\" content=\"Comunicaci\u00f3\" \/>\n<meta name=\"twitter:card\" content=\"summary_large_image\" \/>\n<meta name=\"twitter:label1\" content=\"Escrito por\" \/>\n\t<meta name=\"twitter:data1\" content=\"Comunicaci\u00f3\" \/>\n\t<meta name=\"twitter:label2\" content=\"Tiempo de lectura\" \/>\n\t<meta name=\"twitter:data2\" content=\"2 minutos\" \/>\n<script type=\"application\/ld+json\" class=\"yoast-schema-graph\">{\"@context\":\"https:\/\/schema.org\",\"@graph\":[{\"@type\":\"Article\",\"@id\":\"https:\/\/esment.org\/blogs\/fcc-medio-ambiente-colabora-con-esment\/#article\",\"isPartOf\":{\"@id\":\"https:\/\/esment.org\/blogs\/fcc-medio-ambiente-colabora-con-esment\/\"},\"author\":{\"name\":\"Comunicaci\u00f3\",\"@id\":\"https:\/\/esment.org\/blogs\/#\/schema\/person\/b81c725135ae4d5748a15f5f91986b27\"},\"headline\":\"FCC Medio Ambiente colabora con Esment\",\"datePublished\":\"2021-07-21T07:47:21+00:00\",\"dateModified\":\"2021-07-21T08:26:38+00:00\",\"mainEntityOfPage\":{\"@id\":\"https:\/\/esment.org\/blogs\/fcc-medio-ambiente-colabora-con-esment\/\"},\"wordCount\":240,\"commentCount\":0,\"publisher\":{\"@id\":\"https:\/\/esment.org\/blogs\/#organization\"},\"image\":{\"@id\":\"https:\/\/esment.org\/blogs\/fcc-medio-ambiente-colabora-con-esment\/#primaryimage\"},\"thumbnailUrl\":\"https:\/\/esment.org\/blogs\/wp-content\/uploads\/2021\/07\/thumbnail_20210622_085302-1-RR.jpg\",\"keywords\":[\"colaboraci\u00f3n\",\"esment\",\"FCC Medio ambiente\",\"incorpora\",\"treball amb suport\"],\"articleSection\":[\"Colaboraciones\",\"Destacadas\",\"Destacado 1\"],\"inLanguage\":\"es\",\"potentialAction\":[{\"@type\":\"CommentAction\",\"name\":\"Comment\",\"target\":[\"https:\/\/esment.org\/blogs\/fcc-medio-ambiente-colabora-con-esment\/#respond\"]}]},{\"@type\":\"WebPage\",\"@id\":\"https:\/\/esment.org\/blogs\/fcc-medio-ambiente-colabora-con-esment\/\",\"url\":\"https:\/\/esment.org\/blogs\/fcc-medio-ambiente-colabora-con-esment\/\",\"name\":\"FCC Medio Ambiente colabora con Esment - Blog Comunidad Esment\",\"isPartOf\":{\"@id\":\"https:\/\/esment.org\/blogs\/#website\"},\"primaryImageOfPage\":{\"@id\":\"https:\/\/esment.org\/blogs\/fcc-medio-ambiente-colabora-con-esment\/#primaryimage\"},\"image\":{\"@id\":\"https:\/\/esment.org\/blogs\/fcc-medio-ambiente-colabora-con-esment\/#primaryimage\"},\"thumbnailUrl\":\"https:\/\/esment.org\/blogs\/wp-content\/uploads\/2021\/07\/thumbnail_20210622_085302-1-RR.jpg\",\"datePublished\":\"2021-07-21T07:47:21+00:00\",\"dateModified\":\"2021-07-21T08:26:38+00:00\",\"breadcrumb\":{\"@id\":\"https:\/\/esment.org\/blogs\/fcc-medio-ambiente-colabora-con-esment\/#breadcrumb\"},\"inLanguage\":\"es\",\"potentialAction\":[{\"@type\":\"ReadAction\",\"target\":[\"https:\/\/esment.org\/blogs\/fcc-medio-ambiente-colabora-con-esment\/\"]}]},{\"@type\":\"ImageObject\",\"inLanguage\":\"es\",\"@id\":\"https:\/\/esment.org\/blogs\/fcc-medio-ambiente-colabora-con-esment\/#primaryimage\",\"url\":\"https:\/\/esment.org\/blogs\/wp-content\/uploads\/2021\/07\/thumbnail_20210622_085302-1-RR.jpg\",\"contentUrl\":\"https:\/\/esment.org\/blogs\/wp-content\/uploads\/2021\/07\/thumbnail_20210622_085302-1-RR.jpg\",\"width\":945,\"height\":595},{\"@type\":\"BreadcrumbList\",\"@id\":\"https:\/\/esment.org\/blogs\/fcc-medio-ambiente-colabora-con-esment\/#breadcrumb\",\"itemListElement\":[{\"@type\":\"ListItem\",\"position\":1,\"name\":\"Portada\",\"item\":\"https:\/\/esment.org\/blogs\/\"},{\"@type\":\"ListItem\",\"position\":2,\"name\":\"FCC Medio Ambiente colabora con Esment\"}]},{\"@type\":\"WebSite\",\"@id\":\"https:\/\/esment.org\/blogs\/#website\",\"url\":\"https:\/\/esment.org\/blogs\/\",\"name\":\"Blog Comunidad Esment\",\"description\":\"Blogs de Esment\",\"publisher\":{\"@id\":\"https:\/\/esment.org\/blogs\/#organization\"},\"potentialAction\":[{\"@type\":\"SearchAction\",\"target\":{\"@type\":\"EntryPoint\",\"urlTemplate\":\"https:\/\/esment.org\/blogs\/?s={search_term_string}\"},\"query-input\":{\"@type\":\"PropertyValueSpecification\",\"valueRequired\":true,\"valueName\":\"search_term_string\"}}],\"inLanguage\":\"es\"},{\"@type\":\"Organization\",\"@id\":\"https:\/\/esment.org\/blogs\/#organization\",\"name\":\"Blog Comunidad Esment\",\"url\":\"https:\/\/esment.org\/blogs\/\",\"logo\":{\"@type\":\"ImageObject\",\"inLanguage\":\"es\",\"@id\":\"https:\/\/esment.org\/blogs\/#\/schema\/logo\/image\/\",\"url\":\"https:\/\/esment.org\/blogs\/wp-content\/uploads\/2020\/10\/logo-header.svg\",\"contentUrl\":\"https:\/\/esment.org\/blogs\/wp-content\/uploads\/2020\/10\/logo-header.svg\",\"caption\":\"Blog Comunidad Esment\"},\"image\":{\"@id\":\"https:\/\/esment.org\/blogs\/#\/schema\/logo\/image\/\"}},{\"@type\":\"Person\",\"@id\":\"https:\/\/esment.org\/blogs\/#\/schema\/person\/b81c725135ae4d5748a15f5f91986b27\",\"name\":\"Comunicaci\u00f3\",\"image\":{\"@type\":\"ImageObject\",\"inLanguage\":\"es\",\"@id\":\"https:\/\/esment.org\/blogs\/#\/schema\/person\/image\/\",\"url\":\"https:\/\/secure.gravatar.com\/avatar\/88ab8e6ed41c613b22dace6ca23675795f15dc49d30afd5c6feee6c1cc4d0194?s=96&d=mm&r=g\",\"contentUrl\":\"https:\/\/secure.gravatar.com\/avatar\/88ab8e6ed41c613b22dace6ca23675795f15dc49d30afd5c6feee6c1cc4d0194?s=96&d=mm&r=g\",\"caption\":\"Comunicaci\u00f3\"},\"url\":\"https:\/\/esment.org\/blogs\/author\/alicciagarcia\/\"}]}<\/script>\n<!-- \/ Yoast SEO plugin. -->","yoast_head_json":{"title":"FCC Medio Ambiente colabora con Esment - Blog Comunidad Esment","robots":{"index":"index","follow":"follow","max-snippet":"max-snippet:-1","max-image-preview":"max-image-preview:large","max-video-preview":"max-video-preview:-1"},"canonical":"https:\/\/esment.org\/blogs\/fcc-medio-ambiente-colabora-con-esment\/","og_locale":"es_ES","og_type":"article","og_title":"FCC Medio Ambiente colabora con Esment - Blog Comunidad Esment","og_description":"FCC Medio Ambiente colabora con Esment acogiendo a uno de sus alumnos participante en un Proyecto del IMAS, en convenio de pr\u00e1cticas. El alumno, reside en la poblaci\u00f3n de Campos y ayudaba en el negocio familiar del sector de hosteler\u00eda, pero su deseo era tener la oportunidad de conocer c\u00f3mo ser\u00eda realizar el servicio de [&hellip;]","og_url":"https:\/\/esment.org\/blogs\/fcc-medio-ambiente-colabora-con-esment\/","og_site_name":"Blog Comunidad Esment","article_published_time":"2021-07-21T07:47:21+00:00","article_modified_time":"2021-07-21T08:26:38+00:00","og_image":[{"width":945,"height":595,"url":"https:\/\/esment.org\/blogs\/wp-content\/uploads\/2021\/07\/thumbnail_20210622_085302-1-RR.jpg","type":"image\/jpeg"}],"author":"Comunicaci\u00f3","twitter_card":"summary_large_image","twitter_misc":{"Escrito por":"Comunicaci\u00f3","Tiempo de lectura":"2 minutos"},"schema":{"@context":"https:\/\/schema.org","@graph":[{"@type":"Article","@id":"https:\/\/esment.org\/blogs\/fcc-medio-ambiente-colabora-con-esment\/#article","isPartOf":{"@id":"https:\/\/esment.org\/blogs\/fcc-medio-ambiente-colabora-con-esment\/"},"author":{"name":"Comunicaci\u00f3","@id":"https:\/\/esment.org\/blogs\/#\/schema\/person\/b81c725135ae4d5748a15f5f91986b27"},"headline":"FCC Medio Ambiente colabora con Esment","datePublished":"2021-07-21T07:47:21+00:00","dateModified":"2021-07-21T08:26:38+00:00","mainEntityOfPage":{"@id":"https:\/\/esment.org\/blogs\/fcc-medio-ambiente-colabora-con-esment\/"},"wordCount":240,"commentCount":0,"publisher":{"@id":"https:\/\/esment.org\/blogs\/#organization"},"image":{"@id":"https:\/\/esment.org\/blogs\/fcc-medio-ambiente-colabora-con-esment\/#primaryimage"},"thumbnailUrl":"https:\/\/esment.org\/blogs\/wp-content\/uploads\/2021\/07\/thumbnail_20210622_085302-1-RR.jpg","keywords":["colaboraci\u00f3n","esment","FCC Medio ambiente","incorpora","treball amb suport"],"articleSection":["Colaboraciones","Destacadas","Destacado 1"],"inLanguage":"es","potentialAction":[{"@type":"CommentAction","name":"Comment","target":["https:\/\/esment.org\/blogs\/fcc-medio-ambiente-colabora-con-esment\/#respond"]}]},{"@type":"WebPage","@id":"https:\/\/esment.org\/blogs\/fcc-medio-ambiente-colabora-con-esment\/","url":"https:\/\/esment.org\/blogs\/fcc-medio-ambiente-colabora-con-esment\/","name":"FCC Medio Ambiente colabora con Esment - Blog Comunidad Esment","isPartOf":{"@id":"https:\/\/esment.org\/blogs\/#website"},"primaryImageOfPage":{"@id":"https:\/\/esment.org\/blogs\/fcc-medio-ambiente-colabora-con-esment\/#primaryimage"},"image":{"@id":"https:\/\/esment.org\/blogs\/fcc-medio-ambiente-colabora-con-esment\/#primaryimage"},"thumbnailUrl":"https:\/\/esment.org\/blogs\/wp-content\/uploads\/2021\/07\/thumbnail_20210622_085302-1-RR.jpg","datePublished":"2021-07-21T07:47:21+00:00","dateModified":"2021-07-21T08:26:38+00:00","breadcrumb":{"@id":"https:\/\/esment.org\/blogs\/fcc-medio-ambiente-colabora-con-esment\/#breadcrumb"},"inLanguage":"es","potentialAction":[{"@type":"ReadAction","target":["https:\/\/esment.org\/blogs\/fcc-medio-ambiente-colabora-con-esment\/"]}]},{"@type":"ImageObject","inLanguage":"es","@id":"https:\/\/esment.org\/blogs\/fcc-medio-ambiente-colabora-con-esment\/#primaryimage","url":"https:\/\/esment.org\/blogs\/wp-content\/uploads\/2021\/07\/thumbnail_20210622_085302-1-RR.jpg","contentUrl":"https:\/\/esment.org\/blogs\/wp-content\/uploads\/2021\/07\/thumbnail_20210622_085302-1-RR.jpg","width":945,"height":595},{"@type":"BreadcrumbList","@id":"https:\/\/esment.org\/blogs\/fcc-medio-ambiente-colabora-con-esment\/#breadcrumb","itemListElement":[{"@type":"ListItem","position":1,"name":"Portada","item":"https:\/\/esment.org\/blogs\/"},{"@type":"ListItem","position":2,"name":"FCC Medio Ambiente colabora con Esment"}]},{"@type":"WebSite","@id":"https:\/\/esment.org\/blogs\/#website","url":"https:\/\/esment.org\/blogs\/","name":"Blog Comunidad Esment","description":"Blogs de Esment","publisher":{"@id":"https:\/\/esment.org\/blogs\/#organization"},"potentialAction":[{"@type":"SearchAction","target":{"@type":"EntryPoint","urlTemplate":"https:\/\/esment.org\/blogs\/?s={search_term_string}"},"query-input":{"@type":"PropertyValueSpecification","valueRequired":true,"valueName":"search_term_string"}}],"inLanguage":"es"},{"@type":"Organization","@id":"https:\/\/esment.org\/blogs\/#organization","name":"Blog Comunidad Esment","url":"https:\/\/esment.org\/blogs\/","logo":{"@type":"ImageObject","inLanguage":"es","@id":"https:\/\/esment.org\/blogs\/#\/schema\/logo\/image\/","url":"https:\/\/esment.org\/blogs\/wp-content\/uploads\/2020\/10\/logo-header.svg","contentUrl":"https:\/\/esment.org\/blogs\/wp-content\/uploads\/2020\/10\/logo-header.svg","caption":"Blog Comunidad Esment"},"image":{"@id":"https:\/\/esment.org\/blogs\/#\/schema\/logo\/image\/"}},{"@type":"Person","@id":"https:\/\/esment.org\/blogs\/#\/schema\/person\/b81c725135ae4d5748a15f5f91986b27","name":"Comunicaci\u00f3","image":{"@type":"ImageObject","inLanguage":"es","@id":"https:\/\/esment.org\/blogs\/#\/schema\/person\/image\/","url":"https:\/\/secure.gravatar.com\/avatar\/88ab8e6ed41c613b22dace6ca23675795f15dc49d30afd5c6feee6c1cc4d0194?s=96&d=mm&r=g","contentUrl":"https:\/\/secure.gravatar.com\/avatar\/88ab8e6ed41c613b22dace6ca23675795f15dc49d30afd5c6feee6c1cc4d0194?s=96&d=mm&r=g","caption":"Comunicaci\u00f3"},"url":"https:\/\/esment.org\/blogs\/author\/alicciagarcia\/"}]}},"_links":{"self":[{"href":"https:\/\/esment.org\/blogs\/wp-json\/wp\/v2\/posts\/18375","targetHints":{"allow":["GET"]}}],"collection":[{"href":"https:\/\/esment.org\/blogs\/wp-json\/wp\/v2\/posts"}],"about":[{"href":"https:\/\/esment.org\/blogs\/wp-json\/wp\/v2\/types\/post"}],"author":[{"embeddable":true,"href":"https:\/\/esment.org\/blogs\/wp-json\/wp\/v2\/users\/2"}],"replies":[{"embeddable":true,"href":"https:\/\/esment.org\/blogs\/wp-json\/wp\/v2\/comments?post=18375"}],"version-history":[{"count":3,"href":"https:\/\/esment.org\/blogs\/wp-json\/wp\/v2\/posts\/18375\/revisions"}],"predecessor-version":[{"id":18380,"href":"https:\/\/esment.org\/blogs\/wp-json\/wp\/v2\/posts\/18375\/revisions\/18380"}],"wp:featuredmedia":[{"embeddable":true,"href":"https:\/\/esment.org\/blogs\/wp-json\/wp\/v2\/media\/18382"}],"wp:attachment":[{"href":"https:\/\/esment.org\/blogs\/wp-json\/wp\/v2\/media?parent=18375"}],"wp:term":[{"taxonomy":"category","embeddable":true,"href":"https:\/\/esment.org\/blogs\/wp-json\/wp\/v2\/categories?post=18375"},{"taxonomy":"post_tag","embeddable":true,"href":"https:\/\/esment.org\/blogs\/wp-json\/wp\/v2\/tags?post=18375"}],"curies":[{"name":"wp","href":"https:\/\/api.w.org\/{rel}","templated":true}]}}