{"id":1611,"count":3,"description":"<p style=\"text-align: justify\">El objetivo del proyecto DUAL-Ad es establecer una asociaci\u00f3n europea para transferir la FDA a otras regiones europeas y desarrollar un marco com\u00fan de implementaci\u00f3n a nivel europeo. El proyecto tiene los siguientes objetivos espec\u00edficos: 1) Compartir a nivel europeo el modelo de FDA y analizar c\u00f3mo puede integrarse con los programas de formaci\u00f3n para el empleo dirigidos para personas con discapacidad intelectual y con especiales necesidades, que se est\u00e1n llevando a cabo en los otros pa\u00edses socios del proyecto. 2) Desarrollar un marco metodol\u00f3gico com\u00fan europeo, para favorecer la implementaci\u00f3n de la FDA en los otros pa\u00edses del proyecto. 3) Desarrollar y testear un programa de formaci\u00f3n para expertos en implementaci\u00f3n de FDA, dirigido a educadores y profesionales conectados al sistema VET. 4) Crear una red europea de pr\u00e1cticas en FDA, que favorezca la difusi\u00f3n y la implementaci\u00f3n del modelo en otros pa\u00edses europeo una vez finalizado el proyecto. DUAL-Ad se configura como un proyecto pionero en difundir el modelo FDA para personas con discapacidad a nivel europeo, d\u00e1ndolo a conocer la metodolog\u00eda entre entidades del sector y empresas. Actualmente no existen experiencias similares a nivel europeo. La principal innovaci\u00f3n de DUAL-Ad consiste en que, por primera vez, se comparte y transfiere el modelo de FDA a otros pa\u00edses de la UE, con el objetivo de favorecer su difusi\u00f3n a nivel europeo. Al mismo tiempo, no se trata de una transferencia unidireccional, porque a trav\u00e9s del intercambio de experiencia y conocimientos entre los socios, se persigue mejorar el modelo y a adaptarlo a las caracter\u00edsticas y necesidades de cada pa\u00eds. De esta forma, se contribuye a la transferencia a nivel europeo de un modelo de formaci\u00f3n para el empleo altamente innovador y eficaz, que presenta las siguientes ventajas: - programas m\u00e1s adaptados a las necesidades de las personas con necesidades de apoyo y de las empresas ordinarias, ya que nos basamos en las necesidades de las personas y del mercado. - programas flexibles, que se adaptan a las necesidades de las personas y que permiten su certificaci\u00f3n profesional. - modelo de ense\u00f1anza y aprendizaje basado en el \u201cwork-based learning\u201d, aprender a trav\u00e9s de la realizaci\u00f3n de las funciones propias del puesto en un contexto real de trabajo. - tutorizaci\u00f3n como valor fundamental: apostamos por la figura del tutor, que trabaja en coordinaci\u00f3n con el equipo de orientaci\u00f3n y pedag\u00f3gico con un contacto continuo y acciones de seguimiento en la propia empresa. - formaci\u00f3n en competencias personales y sociales entendiendo que son la clave del \u00e9xito personal y profesional.<\/p>\r\n\r\n\r\n<hr \/>\r\n<p style=\"text-align: justify\">The objective of the DUAL-Ad project is to establish a European cooperation partnership to transfer the ADVET to other European regions and to develop a common implementation framework at the European level. The project has the following specific objectives: 1) Share the ADVET model at European level and analyze how it can be integrated with other training programs for employment aimed at people with intellectual disabilities, which are being carried out in the other partner Countries of the project. 2) Develop a common European methodological framework, to facilitate the implementation of the ADVET in the other countries of the project. 3) Develop and test a training program for experts in ADVET implementation, aimed to trainers and professionals connected to the VET system. 4) Create a European network of practices about ADVET, with the aim of promoting the dissemination and implementation of the model in other European countries once the project is completed. DUAL-Ad can be considered as a pioneering project to disseminate the ADVET model for people with disabilities at the European level, spreading this methodology among entities working on disability and companies. Currently there are no similar experiences at the European level. The main innovation of DUAL-Ad is that, for the first time, the ADVET model is shared and transferred to other EU countries, with the aim of promoting its dissemination at the European level. At the same time, it is not a one-way transfer, because \u2013 thanks to the exchange of experience and knowledge between the partners \u2013 the model will be improved and adapted to the characteristics and needs of each Country. In this way, the project contributes to the transfer at European level of a highly innovative and efficient training model for employment, which has the following advantages: - The training programs are more adapted and reflect the needs of people with disability and companies, since we take in consideration people needs and market demand. - The programs are more flexible, are adapted to the needs of the people and allow their professional certification. - Teaching and learning model is based on \u201cwork-based learning\u201d, that is, learning through the performance of tasks in a real work context. - Tutoring is a fundamental value: we are committed to the figure of the tutor, who works in coordination with the pedagogical team and ensures continuous contact and follow-up actions in the company. - Delivery of training on personal and social skills, considering that they are a key to personal and professional success.<\/p>\r\n\r\n\r\n<hr \/>\r\n<p style=\"text-align: left\">Organizaciones participantes:<\/p>\r\n<p style=\"text-align: left\">\u00b7 IN-RED: Asociaci\u00f3n Profesional y Empresarial Gallega de Centros Especiales de Empleo y Entidades del \u00e1mbito de la Discapacidad Intelectual y afines (Galicia, Espa\u00f1a)\r\n\u00b7 Asociatia Institutul pentru Parteneriat Social Bucovina (Suceava, Rumania)\r\n\u00b7 Live Foundation (Helsinki, Finlandia)\r\n\u00b7 Ligue HMC coop\u00e9rative s.c. (Capellen, Luxemburgo)\r\n\u00b7 COMETA FORMAZIONE SOCIETA COOPERATIVA SOCIALE (Como, Italia)\r\n\u00b7 Association de Recherche et de Formation sur l'Insertion en Europe (Bruselas, B\u00e9lgica)\r\n\u00b7 FOQUA FORO PER LA QUALITAT (Illes Balears, Espa\u00f1a)<\/p>","link":"https:\/\/esment.org\/blogs\/categoria\/proyecto-erasmus-dual-ad\/","name":"Proyecto Erasmus + DUAL-Ad","slug":"proyecto-erasmus-dual-ad","taxonomy":"category","parent":0,"meta":[],"acf":[],"yoast_head":"<!-- This site is optimized with the Yoast SEO plugin v26.4 - https:\/\/yoast.com\/wordpress\/plugins\/seo\/ -->\n<title>Proyecto Erasmus + DUAL-Ad archivos - Blog Comunidad Esment<\/title>\n<meta name=\"description\" content=\"Organizaciones participantes:\" \/>\n<meta name=\"robots\" content=\"index, follow, max-snippet:-1, max-image-preview:large, max-video-preview:-1\" \/>\n<link rel=\"canonical\" href=\"https:\/\/esment.org\/blogs\/categoria\/proyecto-erasmus-dual-ad\/\" \/>\n<meta property=\"og:locale\" content=\"es_ES\" \/>\n<meta property=\"og:type\" content=\"article\" \/>\n<meta property=\"og:title\" content=\"Proyecto Erasmus + DUAL-Ad archivos - Blog Comunidad Esment\" \/>\n<meta property=\"og:description\" content=\"Organizaciones participantes:\" \/>\n<meta property=\"og:url\" content=\"https:\/\/esment.org\/blogs\/categoria\/proyecto-erasmus-dual-ad\/\" \/>\n<meta property=\"og:site_name\" content=\"Blog Comunidad Esment\" \/>\n<meta name=\"twitter:card\" content=\"summary_large_image\" \/>\n<script type=\"application\/ld+json\" class=\"yoast-schema-graph\">{\"@context\":\"https:\/\/schema.org\",\"@graph\":[{\"@type\":\"CollectionPage\",\"@id\":\"https:\/\/esment.org\/blogs\/categoria\/proyecto-erasmus-dual-ad\/\",\"url\":\"https:\/\/esment.org\/blogs\/categoria\/proyecto-erasmus-dual-ad\/\",\"name\":\"Proyecto Erasmus + DUAL-Ad archivos - Blog Comunidad Esment\",\"isPartOf\":{\"@id\":\"https:\/\/esment.org\/blogs\/#website\"},\"description\":\"Organizaciones participantes:\",\"breadcrumb\":{\"@id\":\"https:\/\/esment.org\/blogs\/categoria\/proyecto-erasmus-dual-ad\/#breadcrumb\"},\"inLanguage\":\"es\"},{\"@type\":\"BreadcrumbList\",\"@id\":\"https:\/\/esment.org\/blogs\/categoria\/proyecto-erasmus-dual-ad\/#breadcrumb\",\"itemListElement\":[{\"@type\":\"ListItem\",\"position\":1,\"name\":\"Portada\",\"item\":\"https:\/\/esment.org\/blogs\/\"},{\"@type\":\"ListItem\",\"position\":2,\"name\":\"Proyecto Erasmus + DUAL-Ad\"}]},{\"@type\":\"WebSite\",\"@id\":\"https:\/\/esment.org\/blogs\/#website\",\"url\":\"https:\/\/esment.org\/blogs\/\",\"name\":\"Blog Comunidad Esment\",\"description\":\"Blogs de Esment\",\"publisher\":{\"@id\":\"https:\/\/esment.org\/blogs\/#organization\"},\"potentialAction\":[{\"@type\":\"SearchAction\",\"target\":{\"@type\":\"EntryPoint\",\"urlTemplate\":\"https:\/\/esment.org\/blogs\/?s={search_term_string}\"},\"query-input\":{\"@type\":\"PropertyValueSpecification\",\"valueRequired\":true,\"valueName\":\"search_term_string\"}}],\"inLanguage\":\"es\"},{\"@type\":\"Organization\",\"@id\":\"https:\/\/esment.org\/blogs\/#organization\",\"name\":\"Blog Comunidad Esment\",\"url\":\"https:\/\/esment.org\/blogs\/\",\"logo\":{\"@type\":\"ImageObject\",\"inLanguage\":\"es\",\"@id\":\"https:\/\/esment.org\/blogs\/#\/schema\/logo\/image\/\",\"url\":\"https:\/\/esment.org\/blogs\/wp-content\/uploads\/2020\/10\/logo-header.svg\",\"contentUrl\":\"https:\/\/esment.org\/blogs\/wp-content\/uploads\/2020\/10\/logo-header.svg\",\"caption\":\"Blog Comunidad Esment\"},\"image\":{\"@id\":\"https:\/\/esment.org\/blogs\/#\/schema\/logo\/image\/\"}}]}<\/script>\n<!-- \/ Yoast SEO plugin. -->","yoast_head_json":{"title":"Proyecto Erasmus + DUAL-Ad archivos - Blog Comunidad Esment","description":"Organizaciones participantes:","robots":{"index":"index","follow":"follow","max-snippet":"max-snippet:-1","max-image-preview":"max-image-preview:large","max-video-preview":"max-video-preview:-1"},"canonical":"https:\/\/esment.org\/blogs\/categoria\/proyecto-erasmus-dual-ad\/","og_locale":"es_ES","og_type":"article","og_title":"Proyecto Erasmus + DUAL-Ad archivos - Blog Comunidad Esment","og_description":"Organizaciones participantes:","og_url":"https:\/\/esment.org\/blogs\/categoria\/proyecto-erasmus-dual-ad\/","og_site_name":"Blog Comunidad Esment","twitter_card":"summary_large_image","schema":{"@context":"https:\/\/schema.org","@graph":[{"@type":"CollectionPage","@id":"https:\/\/esment.org\/blogs\/categoria\/proyecto-erasmus-dual-ad\/","url":"https:\/\/esment.org\/blogs\/categoria\/proyecto-erasmus-dual-ad\/","name":"Proyecto Erasmus + DUAL-Ad archivos - Blog Comunidad Esment","isPartOf":{"@id":"https:\/\/esment.org\/blogs\/#website"},"description":"Organizaciones participantes:","breadcrumb":{"@id":"https:\/\/esment.org\/blogs\/categoria\/proyecto-erasmus-dual-ad\/#breadcrumb"},"inLanguage":"es"},{"@type":"BreadcrumbList","@id":"https:\/\/esment.org\/blogs\/categoria\/proyecto-erasmus-dual-ad\/#breadcrumb","itemListElement":[{"@type":"ListItem","position":1,"name":"Portada","item":"https:\/\/esment.org\/blogs\/"},{"@type":"ListItem","position":2,"name":"Proyecto Erasmus + DUAL-Ad"}]},{"@type":"WebSite","@id":"https:\/\/esment.org\/blogs\/#website","url":"https:\/\/esment.org\/blogs\/","name":"Blog Comunidad Esment","description":"Blogs de Esment","publisher":{"@id":"https:\/\/esment.org\/blogs\/#organization"},"potentialAction":[{"@type":"SearchAction","target":{"@type":"EntryPoint","urlTemplate":"https:\/\/esment.org\/blogs\/?s={search_term_string}"},"query-input":{"@type":"PropertyValueSpecification","valueRequired":true,"valueName":"search_term_string"}}],"inLanguage":"es"},{"@type":"Organization","@id":"https:\/\/esment.org\/blogs\/#organization","name":"Blog Comunidad Esment","url":"https:\/\/esment.org\/blogs\/","logo":{"@type":"ImageObject","inLanguage":"es","@id":"https:\/\/esment.org\/blogs\/#\/schema\/logo\/image\/","url":"https:\/\/esment.org\/blogs\/wp-content\/uploads\/2020\/10\/logo-header.svg","contentUrl":"https:\/\/esment.org\/blogs\/wp-content\/uploads\/2020\/10\/logo-header.svg","caption":"Blog Comunidad Esment"},"image":{"@id":"https:\/\/esment.org\/blogs\/#\/schema\/logo\/image\/"}}]}},"_links":{"self":[{"href":"https:\/\/esment.org\/blogs\/wp-json\/wp\/v2\/categories\/1611","targetHints":{"allow":["GET"]}}],"collection":[{"href":"https:\/\/esment.org\/blogs\/wp-json\/wp\/v2\/categories"}],"about":[{"href":"https:\/\/esment.org\/blogs\/wp-json\/wp\/v2\/taxonomies\/category"}],"wp:post_type":[{"href":"https:\/\/esment.org\/blogs\/wp-json\/wp\/v2\/posts?categories=1611"}],"curies":[{"name":"wp","href":"https:\/\/api.w.org\/{rel}","templated":true}]}}